{"id":42674,"date":"2024-11-06T11:33:26","date_gmt":"2024-11-06T14:33:26","guid":{"rendered":"http:\/\/jornaldeitaipava.com.br\/?p=42674"},"modified":"2024-11-06T11:33:29","modified_gmt":"2024-11-06T14:33:29","slug":"fortalecer-a-resiliencia-na-regiao-serrana-seminario-estadual-de-defesa-civil-e-realizado-em-teresopolis","status":"publish","type":"post","link":"https:\/\/jornaldeitaipava.com.br\/index.php\/2024\/11\/06\/fortalecer-a-resiliencia-na-regiao-serrana-seminario-estadual-de-defesa-civil-e-realizado-em-teresopolis\/","title":{"rendered":"&#8216;Fortalecer a Resili\u00eancia na Regi\u00e3o Serrana&#8217;: Semin\u00e1rio Estadual de Defesa Civil \u00e9 realizado em Teres\u00f3polis"},"content":{"rendered":"\n<p class=\"has-text-align-center\"><strong>Encontro teve como foco a troca de conhecimentos e pr\u00e1ticas direcionadas \u00e0 preven\u00e7\u00e3o de desastres<\/strong><\/p>\n\n\n\n<p>Teres\u00f3polis recebeu nesta \u00faltima segunda, 4, o Semin\u00e1rio Estadual de Defesa Civil. Promovido pela Secretaria de Estado de Defesa Civil do Rio de Janeiro (Sedec-RJ\/ atrav\u00e9s das Coordenadorias Regionais de Prote\u00e7\u00e3o e Defesa Civil (REDEC 7 e 8), o encontro aconteceu no 16\u00ba Grupamento de Bombeiros Militares.<\/p>\n\n\n\n<p>Voltado ao fortalecimento da resili\u00eancia na Regi\u00e3o Serrana do Rio de Janeiro, o semin\u00e1rio teve como foco a troca de conhecimentos e pr\u00e1ticas direcionadas \u00e0 preven\u00e7\u00e3o de desastres, para promover a gest\u00e3o integrada entre ag\u00eancias e o apoio a todos os munic\u00edpios da regi\u00e3o.<\/p>\n\n\n\n<p>O secret\u00e1rio municipal de Defesa Civil, Coronel Albert de Andrade, destacou a import\u00e2ncia da troca de experi\u00eancias e conhecimentos. \u201c O nosso objetivo \u00e9 proteger a popula\u00e7\u00e3o e responder de forma eficaz a situa\u00e7\u00f5es de risco, assim como aprimorar as a\u00e7\u00f5es preventivas e o planejamento conjunto entre os \u00f3rg\u00e3os, visando \u00e0 seguran\u00e7a e ao bem-estar dos moradores.\u201d<\/p>\n\n\n\n<p>Em pauta, foram discutidas estrat\u00e9gias e experi\u00eancias para fortalecer a resili\u00eancia, com \u00eanfase na sustentabilidade e na prote\u00e7\u00e3o da popula\u00e7\u00e3o da Regi\u00e3o Serrana. As pr\u00e1ticas abordadas visam \u00e0 preven\u00e7\u00e3o e ao planejamento conjunto entre os \u00f3rg\u00e3os respons\u00e1veis, facilitando a resposta em casos de anormalidades. Tamb\u00e9m foi debatido sobre a Pol\u00edtica Estadual de Prote\u00e7\u00e3o e Defesa Civil, considerando as demandas espec\u00edficas da Regi\u00e3o Serrana e os desafios enfrentados pela popula\u00e7\u00e3o local.<\/p>\n\n\n\n<p>O semin\u00e1rio contou com o apoio do Corpo de Bombeiros Militar do Estado do Rio de Janeiro (CBMERJ), da Superintend\u00eancia Operacional, da Diretoria Geral de Defesa Civil, do 16\u00ba GBM de Teres\u00f3polis e do Centro de Recebimento e Distribui\u00e7\u00e3o da SEDEC\/CBMERJ (CRD).<\/p>\n","protected":false},"excerpt":{"rendered":"<p>Encontro teve como foco a troca de conhecimentos e pr\u00e1ticas direcionadas \u00e0 preven\u00e7\u00e3o de desastres<\/p>\n","protected":false},"author":1,"featured_media":42675,"comment_status":"closed","ping_status":"open","sticky":false,"template":"","format":"standard","meta":{"spay_email":"","footnotes":"","jetpack_publicize_message":""},"categories":[5],"tags":[],"jetpack_featured_media_url":"https:\/\/i1.wp.com\/jornaldeitaipava.com.br\/wp-content\/uploads\/2024\/11\/SEMINARIO-DEFESA-CIVIL-4-.jpg?fit=1600%2C1200&ssl=1","jetpack_publicize_connections":[],"jetpack_sharing_enabled":true,"jetpack_likes_enabled":true,"jetpack-related-posts":[],"_links":{"self":[{"href":"https:\/\/jornaldeitaipava.com.br\/index.php\/wp-json\/wp\/v2\/posts\/42674"}],"collection":[{"href":"https:\/\/jornaldeitaipava.com.br\/index.php\/wp-json\/wp\/v2\/posts"}],"about":[{"href":"https:\/\/jornaldeitaipava.com.br\/index.php\/wp-json\/wp\/v2\/types\/post"}],"author":[{"embeddable":true,"href":"https:\/\/jornaldeitaipava.com.br\/index.php\/wp-json\/wp\/v2\/users\/1"}],"replies":[{"embeddable":true,"href":"https:\/\/jornaldeitaipava.com.br\/index.php\/wp-json\/wp\/v2\/comments?post=42674"}],"version-history":[{"count":1,"href":"https:\/\/jornaldeitaipava.com.br\/index.php\/wp-json\/wp\/v2\/posts\/42674\/revisions"}],"predecessor-version":[{"id":42676,"href":"https:\/\/jornaldeitaipava.com.br\/index.php\/wp-json\/wp\/v2\/posts\/42674\/revisions\/42676"}],"wp:featuredmedia":[{"embeddable":true,"href":"https:\/\/jornaldeitaipava.com.br\/index.php\/wp-json\/wp\/v2\/media\/42675"}],"wp:attachment":[{"href":"https:\/\/jornaldeitaipava.com.br\/index.php\/wp-json\/wp\/v2\/media?parent=42674"}],"wp:term":[{"taxonomy":"category","embeddable":true,"href":"https:\/\/jornaldeitaipava.com.br\/index.php\/wp-json\/wp\/v2\/categories?post=42674"},{"taxonomy":"post_tag","embeddable":true,"href":"https:\/\/jornaldeitaipava.com.br\/index.php\/wp-json\/wp\/v2\/tags?post=42674"}],"curies":[{"name":"wp","href":"https:\/\/api.w.org\/{rel}","templated":true}]}}