{"id":42762,"date":"2024-11-12T08:57:20","date_gmt":"2024-11-12T11:57:20","guid":{"rendered":"http:\/\/jornaldeitaipava.com.br\/?p=42762"},"modified":"2024-11-12T08:57:26","modified_gmt":"2024-11-12T11:57:26","slug":"quem-tem-dividas-com-o-municipio-tera-desconto-ate-dia-22-de-novembro","status":"publish","type":"post","link":"https:\/\/jornaldeitaipava.com.br\/index.php\/2024\/11\/12\/quem-tem-dividas-com-o-municipio-tera-desconto-ate-dia-22-de-novembro\/","title":{"rendered":"Quem tem d\u00edvidas com o munic\u00edpio ter\u00e1 desconto at\u00e9 dia 22 de novembro"},"content":{"rendered":"\n<p>As pessoas f\u00edsicas ou jur\u00eddicas que est\u00e3o em d\u00edvida com o munic\u00edpio t\u00eam, at\u00e9 o dia 22 de novembro, uma grande oportunidade: ficar em dia com a Prefeitura e, ainda, ganhar um desconto de at\u00e9 100% nos juros e multas.<\/p>\n\n\n\n<p><strong>\u00c9 o programa Concilia Petr\u00f3polis, uma iniciativa da Prefeitura.<br><\/strong>Esta edi\u00e7\u00e3o do programa ter\u00e1 12 dias de dura\u00e7\u00e3o: a partir desta segunda-feira (11) at\u00e9 o dia 22 de novembro, na Casa dos Conselhos Municipais Augusto \u00c2ngelo Zanatta (Avenida Koeler, 260, Centro &#8211; na sede da Prefeitura). O atendimento do programa acontece normalmente no s\u00e1bado (16), na segunda (18) e na ter\u00e7a-feira (19), mesmo sendo ponto facultativo.<br>&#8220;\u00c9 uma oportunidade para a popula\u00e7\u00e3o ficar em dia com suas obriga\u00e7\u00f5es. E tamb\u00e9m \u00e9 importante para a Prefeitura, para levantar esses recursos que v\u00e3o voltar para a sociedade sob a forma dos servi\u00e7os municipais&#8221;, disse o prefeito Rubens Bomtempo.<br>A Secretaria de Fazenda enviou, pelos Correios, 39 mil notifica\u00e7\u00f5es para pessoas f\u00edsicas e jur\u00eddicas que est\u00e3o em d\u00edvida com o munic\u00edpio. Informando sobre a oportunidade do programa Concilia Petr\u00f3polis.<br>&#8220;S\u00e3o d\u00edvidas referentes a IPTU, ITBI, ISS e taxas municipais. Quem participar do programa poder\u00e1 pagar \u00e0 vista, com desconto de 100% nos juros e multas, ou parcelado em at\u00e9 60 vezes&#8221;, disse o secret\u00e1rio de Fazenda, Paulo Roberto Patul\u00e9a.<br>O programa tem o acompanhamento da 4\u00aa Vara C\u00edvel de Petr\u00f3polis e da OAB.<\/p>\n\n\n\n<p><strong>Servi\u00e7o &#8211; Concilia Petr\u00f3polis<br><\/strong>Local: Casa dos Conselhos Municipais Augusto \u00c2ngelo Zanatta (Avenida Koeler, 260, Centro &#8211; na sede da Prefeitura)<br>Quando: de 11 a 22 de novembro<br>Hor\u00e1rios de atendimento: de segunda a sexta-feira, das 10h \u00e0s 17h; e no s\u00e1bado (16), das 9h \u00e0s 13h.<\/p>\n","protected":false},"excerpt":{"rendered":"<p>As pessoas f\u00edsicas ou jur\u00eddicas que est\u00e3o em d\u00edvida com o munic\u00edpio t\u00eam, at\u00e9 o<\/p>\n","protected":false},"author":1,"featured_media":19284,"comment_status":"closed","ping_status":"open","sticky":false,"template":"","format":"standard","meta":{"spay_email":"","footnotes":"","jetpack_publicize_message":""},"categories":[24],"tags":[],"jetpack_featured_media_url":"https:\/\/i2.wp.com\/jornaldeitaipava.com.br\/wp-content\/uploads\/2021\/08\/casa-dos-conselhos.png?fit=1280%2C589&ssl=1","jetpack_publicize_connections":[],"jetpack_sharing_enabled":true,"jetpack_likes_enabled":true,"jetpack-related-posts":[],"_links":{"self":[{"href":"https:\/\/jornaldeitaipava.com.br\/index.php\/wp-json\/wp\/v2\/posts\/42762"}],"collection":[{"href":"https:\/\/jornaldeitaipava.com.br\/index.php\/wp-json\/wp\/v2\/posts"}],"about":[{"href":"https:\/\/jornaldeitaipava.com.br\/index.php\/wp-json\/wp\/v2\/types\/post"}],"author":[{"embeddable":true,"href":"https:\/\/jornaldeitaipava.com.br\/index.php\/wp-json\/wp\/v2\/users\/1"}],"replies":[{"embeddable":true,"href":"https:\/\/jornaldeitaipava.com.br\/index.php\/wp-json\/wp\/v2\/comments?post=42762"}],"version-history":[{"count":1,"href":"https:\/\/jornaldeitaipava.com.br\/index.php\/wp-json\/wp\/v2\/posts\/42762\/revisions"}],"predecessor-version":[{"id":42763,"href":"https:\/\/jornaldeitaipava.com.br\/index.php\/wp-json\/wp\/v2\/posts\/42762\/revisions\/42763"}],"wp:featuredmedia":[{"embeddable":true,"href":"https:\/\/jornaldeitaipava.com.br\/index.php\/wp-json\/wp\/v2\/media\/19284"}],"wp:attachment":[{"href":"https:\/\/jornaldeitaipava.com.br\/index.php\/wp-json\/wp\/v2\/media?parent=42762"}],"wp:term":[{"taxonomy":"category","embeddable":true,"href":"https:\/\/jornaldeitaipava.com.br\/index.php\/wp-json\/wp\/v2\/categories?post=42762"},{"taxonomy":"post_tag","embeddable":true,"href":"https:\/\/jornaldeitaipava.com.br\/index.php\/wp-json\/wp\/v2\/tags?post=42762"}],"curies":[{"name":"wp","href":"https:\/\/api.w.org\/{rel}","templated":true}]}}