{"id":42764,"date":"2024-11-12T08:58:32","date_gmt":"2024-11-12T11:58:32","guid":{"rendered":"http:\/\/jornaldeitaipava.com.br\/?p=42764"},"modified":"2024-11-12T08:58:36","modified_gmt":"2024-11-12T11:58:36","slug":"prefeitura-decreta-ponto-facultativo-nos-dias-18-e-19-de-novembro","status":"publish","type":"post","link":"https:\/\/jornaldeitaipava.com.br\/index.php\/2024\/11\/12\/prefeitura-decreta-ponto-facultativo-nos-dias-18-e-19-de-novembro\/","title":{"rendered":"Prefeitura decreta ponto facultativo nos dias 18 e 19 de novembro"},"content":{"rendered":"\n<p>A Prefeitura de Petr\u00f3polis decretou ponto facultativo nos dias 18 e 19 de novembro (segunda e ter\u00e7a-feira). Reparti\u00e7\u00f5es p\u00fablicas municipais ficam fechadas entre os dias 15 e 20, retornando as atividades na quinta-feira, dia 21.<br>Os servi\u00e7os de urg\u00eancia e emerg\u00eancia funcionam normalmente (unidades de Pronto Atendimento \u2013 UPAS &#8211; do Centro, Cascatinha e Itaipava; hospitais Alcides Carneiro e Dr. Nelson de S\u00e1 Earp; o Pronto Socorro do Alto da Serra e os SPAs da Posse e Pedro do Rio).<br>A Secretaria de Defesa Civil tamb\u00e9m permanece em prontid\u00e3o seguindo as diretrizes do Plano Ver\u00e3o 2024\/2025.<\/p>\n","protected":false},"excerpt":{"rendered":"<p>A Prefeitura de Petr\u00f3polis decretou ponto facultativo nos dias 18 e 19 de novembro (segunda<\/p>\n","protected":false},"author":1,"featured_media":11686,"comment_status":"closed","ping_status":"open","sticky":false,"template":"","format":"standard","meta":{"spay_email":"","footnotes":"","jetpack_publicize_message":""},"categories":[2],"tags":[],"jetpack_featured_media_url":"https:\/\/i2.wp.com\/jornaldeitaipava.com.br\/wp-content\/uploads\/2021\/03\/cidade-1.jpg?fit=496%2C334&ssl=1","jetpack_publicize_connections":[],"jetpack_sharing_enabled":true,"jetpack_likes_enabled":true,"jetpack-related-posts":[],"_links":{"self":[{"href":"https:\/\/jornaldeitaipava.com.br\/index.php\/wp-json\/wp\/v2\/posts\/42764"}],"collection":[{"href":"https:\/\/jornaldeitaipava.com.br\/index.php\/wp-json\/wp\/v2\/posts"}],"about":[{"href":"https:\/\/jornaldeitaipava.com.br\/index.php\/wp-json\/wp\/v2\/types\/post"}],"author":[{"embeddable":true,"href":"https:\/\/jornaldeitaipava.com.br\/index.php\/wp-json\/wp\/v2\/users\/1"}],"replies":[{"embeddable":true,"href":"https:\/\/jornaldeitaipava.com.br\/index.php\/wp-json\/wp\/v2\/comments?post=42764"}],"version-history":[{"count":1,"href":"https:\/\/jornaldeitaipava.com.br\/index.php\/wp-json\/wp\/v2\/posts\/42764\/revisions"}],"predecessor-version":[{"id":42765,"href":"https:\/\/jornaldeitaipava.com.br\/index.php\/wp-json\/wp\/v2\/posts\/42764\/revisions\/42765"}],"wp:featuredmedia":[{"embeddable":true,"href":"https:\/\/jornaldeitaipava.com.br\/index.php\/wp-json\/wp\/v2\/media\/11686"}],"wp:attachment":[{"href":"https:\/\/jornaldeitaipava.com.br\/index.php\/wp-json\/wp\/v2\/media?parent=42764"}],"wp:term":[{"taxonomy":"category","embeddable":true,"href":"https:\/\/jornaldeitaipava.com.br\/index.php\/wp-json\/wp\/v2\/categories?post=42764"},{"taxonomy":"post_tag","embeddable":true,"href":"https:\/\/jornaldeitaipava.com.br\/index.php\/wp-json\/wp\/v2\/tags?post=42764"}],"curies":[{"name":"wp","href":"https:\/\/api.w.org\/{rel}","templated":true}]}}