{"id":42766,"date":"2024-11-12T09:01:01","date_gmt":"2024-11-12T12:01:01","guid":{"rendered":"http:\/\/jornaldeitaipava.com.br\/?p=42766"},"modified":"2024-11-12T09:01:07","modified_gmt":"2024-11-12T12:01:07","slug":"rua-teresa-recebe-edicao-do-agito-gastronomico-do-petropolis-gourmet","status":"publish","type":"post","link":"https:\/\/jornaldeitaipava.com.br\/index.php\/2024\/11\/12\/rua-teresa-recebe-edicao-do-agito-gastronomico-do-petropolis-gourmet\/","title":{"rendered":"Rua Teresa recebe edi\u00e7\u00e3o do Agito Gastron\u00f4mico do Petr\u00f3polis Gourmet"},"content":{"rendered":"\n<p>A dica para quem estiver se programando para fazer compras na Rua Teresa no pr\u00f3ximo s\u00e1bado (16) \u00e9 aproveitar o Agito Gastron\u00f4mico que integra a programa\u00e7\u00e3o do festival Petr\u00f3polis Gourmet. A a\u00e7\u00e3o ter\u00e1 a participa\u00e7\u00e3o dos chefs N\u00e9viton Marci, Cristina Pellegrini, Roberta Bizzera e convidados, ao som de Carlos Ally, a partir das 12h, na altura do n\u00famero 348.<\/p>\n\n\n\n<p>\u201cMais um ano em que somos agraciados com essa participa\u00e7\u00e3o mais do que especial dos chefs na nossa rua. Agrade\u00e7o ao Petr\u00f3polis Gourmet por entender a import\u00e2ncia da integra\u00e7\u00e3o da Rua Teresa nesses eventos que atraem visitantes e mostram todo o potencial tur\u00edstico e gastron\u00f4mico da nossa cidade\u201d, afirma a presidente da ARTE &#8211; Associa\u00e7\u00e3o da Rua Teresa &#8211; Denise Fiorini.<\/p>\n\n\n\n<p>\u201cO Petr\u00f3polis Gourmet \u00e9 mais do que um festival; \u00e9 um convite para explorar as possibilidades da nossa gastronomia e valorizar os talentos locais. Cada prato e cada apresenta\u00e7\u00e3o fortalecem nossa cidade como um destino de qualidade para o turismo e a boa culin\u00e1ria\u201d, comentou Samir el Ghaoui, presidente do Petr\u00f3polis Convention &amp; Visitors Bureau.<\/p>\n\n\n\n<p><strong>Sobre o Petr\u00f3polis Gourmet<br><\/strong>O Petr\u00f3polis Gourmet, que em sua 24\u00aa edi\u00e7\u00e3o faz uma homenagem \u00e0 m\u00fasica, com o tema \u201cSinfonia dos Sabores\u201d, segue at\u00e9 o dia 24 em bares, restaurantes, delicatessens e cafeterias participantes e ainda em a\u00e7\u00f5es promocionais em espa\u00e7os parceiros, nas pra\u00e7as e ruas da cidade. O festival \u00e9 idealizado e realizado pelo Petr\u00f3polis Convention &amp; Visitors Bureau. A programa\u00e7\u00e3o completa do festival e os pratos especiais nos 43 estabelecimentos participantes pode ser conferida em http:\/\/www.petropolisgourmet.com.br.<\/p>\n\n\n\n<p><strong>Agito Gastron\u00f4mico no Horto<br><\/strong>J\u00e1 no dia 23, tamb\u00e9m a partir das 12h, o agito rola no Hortomercado Municipal, em Itaipava, com o chef Maur\u00edcio Soares e equipe.<\/p>\n","protected":false},"excerpt":{"rendered":"<p>A dica para quem estiver se programando para fazer compras na Rua Teresa no pr\u00f3ximo<\/p>\n","protected":false},"author":1,"featured_media":42767,"comment_status":"closed","ping_status":"open","sticky":false,"template":"","format":"standard","meta":{"spay_email":"","footnotes":"","jetpack_publicize_message":""},"categories":[42],"tags":[],"jetpack_featured_media_url":"https:\/\/i1.wp.com\/jornaldeitaipava.com.br\/wp-content\/uploads\/2024\/11\/WhatsApp-Image-2024-11-11-at-12.40.15.jpeg?fit=1600%2C1200&ssl=1","jetpack_publicize_connections":[],"jetpack_sharing_enabled":true,"jetpack_likes_enabled":true,"jetpack-related-posts":[],"_links":{"self":[{"href":"https:\/\/jornaldeitaipava.com.br\/index.php\/wp-json\/wp\/v2\/posts\/42766"}],"collection":[{"href":"https:\/\/jornaldeitaipava.com.br\/index.php\/wp-json\/wp\/v2\/posts"}],"about":[{"href":"https:\/\/jornaldeitaipava.com.br\/index.php\/wp-json\/wp\/v2\/types\/post"}],"author":[{"embeddable":true,"href":"https:\/\/jornaldeitaipava.com.br\/index.php\/wp-json\/wp\/v2\/users\/1"}],"replies":[{"embeddable":true,"href":"https:\/\/jornaldeitaipava.com.br\/index.php\/wp-json\/wp\/v2\/comments?post=42766"}],"version-history":[{"count":1,"href":"https:\/\/jornaldeitaipava.com.br\/index.php\/wp-json\/wp\/v2\/posts\/42766\/revisions"}],"predecessor-version":[{"id":42768,"href":"https:\/\/jornaldeitaipava.com.br\/index.php\/wp-json\/wp\/v2\/posts\/42766\/revisions\/42768"}],"wp:featuredmedia":[{"embeddable":true,"href":"https:\/\/jornaldeitaipava.com.br\/index.php\/wp-json\/wp\/v2\/media\/42767"}],"wp:attachment":[{"href":"https:\/\/jornaldeitaipava.com.br\/index.php\/wp-json\/wp\/v2\/media?parent=42766"}],"wp:term":[{"taxonomy":"category","embeddable":true,"href":"https:\/\/jornaldeitaipava.com.br\/index.php\/wp-json\/wp\/v2\/categories?post=42766"},{"taxonomy":"post_tag","embeddable":true,"href":"https:\/\/jornaldeitaipava.com.br\/index.php\/wp-json\/wp\/v2\/tags?post=42766"}],"curies":[{"name":"wp","href":"https:\/\/api.w.org\/{rel}","templated":true}]}}