{"id":42769,"date":"2024-11-12T09:03:29","date_gmt":"2024-11-12T12:03:29","guid":{"rendered":"http:\/\/jornaldeitaipava.com.br\/?p=42769"},"modified":"2024-11-12T09:03:37","modified_gmt":"2024-11-12T12:03:37","slug":"filme-pioneiro-em-petropolis-com-atores-com-sindrome-de-down-lota-pre-estreia-no-centro-cultural-sesc-quitandinha","status":"publish","type":"post","link":"https:\/\/jornaldeitaipava.com.br\/index.php\/2024\/11\/12\/filme-pioneiro-em-petropolis-com-atores-com-sindrome-de-down-lota-pre-estreia-no-centro-cultural-sesc-quitandinha\/","title":{"rendered":"Filme pioneiro em Petr\u00f3polis com atores com S\u00edndrome de Down lota pr\u00e9-estreia no Centro Cultural Sesc Quitandinha"},"content":{"rendered":"\n<p class=\"has-text-align-center\"><strong>Curta-metragem ter\u00e1 exibi\u00e7\u00e3o de uma terceira sess\u00e3o nesta ter\u00e7a-feira, no Caf\u00e9 Concerto, devido \u00e0 alta procura<\/strong><\/p>\n\n\n\n<p>No \u00faltimo domingo, o Caf\u00e9 Concerto do Centro Cultural Sesc Quitandinha foi o cen\u00e1rio vibrante da pr\u00e9-estreia do curta-metragem \u201cMarca\u00e7\u00e3o Cerrada\u201d, uma obra inovadora protagonizada exclusivamente por atores com S\u00edndrome de Down. Em uma noite que ficar\u00e1 marcada na mem\u00f3ria de todos, duas sess\u00f5es completamente lotadas contaram com a presen\u00e7a do elenco que, de forma calorosa, interagiu com o p\u00fablico e compartilhou percep\u00e7\u00f5es em rodas de conversas calorosas ap\u00f3s a exibi\u00e7\u00e3o.<\/p>\n\n\n\n<p>O evento contou com a presen\u00e7a do Deputado Federal Hugo Leal, que acompanhou a primeira sess\u00e3o e destacou a originalidade do curta, ressaltando sua import\u00e2ncia como o primeiro filme do g\u00eanero a trazer protagonismo completo aos atores com S\u00edndrome de Down.<\/p>\n\n\n\n<p>\u201cA narrativa \u00e9 toda contada em primeira pessoa, o que achei muito original \u2013 nunca vi um filme do g\u00eanero neste formato! O projeto \u00e9 muito importante, pois valoriza o di\u00e1logo e a diversidade, como tamb\u00e9m promove a inclus\u00e3o de um jeito muito especial\u201d, enfatizou.<\/p>\n\n\n\n<p>Idealizado pelo cineasta petropolitano Rodolfo Medeiros, cuja trajet\u00f3ria de mais de 20 anos na educa\u00e7\u00e3o inclusiva inspirou a cria\u00e7\u00e3o do curta, \u201cMarca\u00e7\u00e3o Cerrada\u201d surgiu de um sonho antigo. Medeiros, emocionado, relatou que compartilhou a ideia pela primeira vez com a fonoaudi\u00f3loga Margareth Castellain, coordenadora do Projeto Andorinhas, um programa de desenvolvimento para a autonomia de pessoas com S\u00edndrome de Down. A pandemia de Covid-19 imp\u00f4s uma pausa nos planos, mas, em 2023, com o apoio do Edital da Lei Paulo Gustavo, o projeto foi finalmente concretizado.<\/p>\n\n\n\n<p>Castellain compartilha que os ensaios aconteceram entre fevereiro e julho, com encontros duas vezes por semana, e todos os integrantes estavam extremamente empolgados. \u201cEste trabalho n\u00e3o s\u00f3 realizou os sonhos das pessoas com S\u00edndrome de Down, mas tamb\u00e9m mostrou para as fam\u00edlias e para a sociedade que elas existem. O maior impacto foi v\u00ea-los na tela, todos felizes. Esse sentimento de pertencimento se expande com o filme, e \u00e9 tocante ver os pais observando seus filhos representando e levando a s\u00e9rio todo esse esfor\u00e7o.\u201d<\/p>\n\n\n\n<p>J\u00e1 a produtora associada Tatiana D\u2019Angelo relembra com entusiasmo o primeiro dia de grava\u00e7\u00e3o, realizado no Est\u00e1dio do Maracan\u00e3: \u201cForam oito horas de filmagem intensas, e os atores demonstraram uma disposi\u00e7\u00e3o e determina\u00e7\u00e3o inspiradoras,\u201d afirmou.<\/p>\n\n\n\n<p>\u201cMarca\u00e7\u00e3o Cerrada\u201d destaca-se como uma obra que transcende o cinema convencional, promovendo um olhar sens\u00edvel e profundo sobre a inclus\u00e3o e a diversidade, e marca um avan\u00e7o significativo na representa\u00e7\u00e3o art\u00edstica.<\/p>\n\n\n\n<p>Para Rodolfo Medeiros, o projeto do curta-metragem busca promover a diversidade e dar voz \u00e0queles que merecem ser ouvidos. Segundo ele, &#8220;Marca\u00e7\u00e3o Cerrada&#8221; \u00e9 uma forma de aproximar o p\u00fablico das viv\u00eancias e potencialidades das pessoas com defici\u00eancia, promovendo um di\u00e1logo inclusivo e sensibilizador.<\/p>\n\n\n\n<p>&#8220;Queremos romper barreiras e desafiar percep\u00e7\u00f5es limitantes, mostrando que o talento e a express\u00e3o art\u00edstica transcendem qualquer limita\u00e7\u00e3o imposta pela sociedade&#8221;, finaliza o cineasta.<\/p>\n\n\n\n<p><strong>Elenco<br><\/strong>O curta-metragem &#8220;Marca\u00e7\u00e3o Cerrada&#8221; \u00e9 estrelado pelos protagonistas com a S\u00edndrome de Down: Francisco Cortazio, Beatriz Mendez, \u00c9rika Pinheiro e Adriano Nobre, e traz no elenco de apoio atores com transtorno de Aspecto Autista, Encefalopatia Cr\u00f4nica n\u00e3o Progressiva (PC) e Defici\u00eancia intelectual, com participa\u00e7\u00f5es de Jo\u00e3o Pedro, Gabriela Pimparel, Jo\u00e3o Batista, Yuri Balter, Monica Monteiro, Rodrigo Guerra, Bruna Agostinho, Marcela Ferreira, Deivison Ribeiro, Debora Kreischer, Erick Canato, Isabella Marques, Matheus Domingues, Maith\u00ea Marcaldo e Jo\u00e3o Benvindo, integrantes do Projeto Andorinhas e da Cia Somos 21.<br>Al\u00e9m disso, o elenco inclui Tatiana Mesquita, Daniel Pellegrini, Mayara Mello, Andr\u00e9 Lobo, Randerson Santos, Natan Cardoso, Raquel Theo, Flavia Miranda, Matheus Almeida, Cristopher Raoni e Marcelo Fernandes, que trazem sua experi\u00eancia e talento para enriquecer o filme. O ator Nando Cunha fez uma participa\u00e7\u00e3o especial.<br>As filmagens foram realizadas em diversos locais de Petr\u00f3polis e no Rio de Janeiro, incluindo uma cena especial no ic\u00f4nico Est\u00e1dio do Maracan\u00e3, gravada durante uma partida entre Flamengo e Cruzeiro.<\/p>\n\n\n\n<p><strong>Sobre o Projeto Andorinhas<br><\/strong>O Projeto Andorinhas, fundado e coordenado h\u00e1 nove anos pela fonoaudi\u00f3loga Margareth Castellain, \u00e9 dedicado ao desenvolvimento de pessoas com S\u00edndrome de Down. A iniciativa busca aprimorar habilidades de linguagem, comunica\u00e7\u00e3o e cogni\u00e7\u00e3o, promovendo maior autonomia e inclus\u00e3o social. Atualmente, o projeto atende 20 alunos com idades entre 18 e 58 anos e abrange indiv\u00edduos com S\u00edndrome de Down, Transtorno do Espectro Autista, Defici\u00eancia Intelectual e Encefalopatia Cr\u00f4nica N\u00e3o Progressiva (Paralisia Cerebral).<\/p>\n\n\n\n<p><strong>Sobre a Cia Somos 21<br><\/strong>A Cia Somos 21, dirigida por Rodolfo Medeiros, \u00e9 um grupo de teatro inclusivo dedicado ao desenvolvimento art\u00edstico de pessoas com s\u00edndrome de Down. Desde sua funda\u00e7\u00e3o, o grupo tem oferecido um espa\u00e7o seguro e acolhedor para que seus membros possam explorar e expressar seus talentos, com um impacto significativo na cultura local e na promo\u00e7\u00e3o da diversidade.<\/p>\n\n\n\n<p><strong>Servi\u00e7o:<br><\/strong>Marca\u00e7\u00e3o Cerrada<br>Curta-metragem<br>22 minutos<br>Classifica\u00e7\u00e3o livre<\/p>\n\n\n\n<ul>\n<li>1\u00ba pr\u00e9-estreia: 10 de novembro, \u00e0s 18h, no Caf\u00e9 Concerto do Centro Cultural Sesc Quitandinha (Avenida Joaquim Rola 02, Quitandinha) \u2013 Lotada<\/li>\n\n\n\n<li>2\u00ba pr\u00e9-estreia: 10 de novembro, \u00e0s 18h, no Caf\u00e9 Concerto do Centro Cultural Sesc Quitandinha (Avenida Joaquim Rola 02, Quitandinha) \u2013 Lotada<\/li>\n\n\n\n<li>3\u00ba pr\u00e9-estreia: 12 de novembro, \u00e0s 20h, no Caf\u00e9 Concerto do Centro Cultural Sesc Quitandinha (Avenida Joaquim Rola 02, Quitandinha) \u2013 ingressos gratuitos retirados na bilheteria do local<\/li>\n<\/ul>\n","protected":false},"excerpt":{"rendered":"<p>Curta-metragem ter\u00e1 exibi\u00e7\u00e3o de uma terceira sess\u00e3o nesta ter\u00e7a-feira, no Caf\u00e9 Concerto, devido \u00e0 alta<\/p>\n","protected":false},"author":1,"featured_media":42770,"comment_status":"closed","ping_status":"open","sticky":false,"template":"","format":"standard","meta":{"spay_email":"","footnotes":"","jetpack_publicize_message":""},"categories":[1],"tags":[],"jetpack_featured_media_url":"https:\/\/i1.wp.com\/jornaldeitaipava.com.br\/wp-content\/uploads\/2024\/11\/FOTO-MARCACAO-CERRADA-O2.jpeg?fit=1600%2C1146&ssl=1","jetpack_publicize_connections":[],"jetpack_sharing_enabled":true,"jetpack_likes_enabled":true,"jetpack-related-posts":[],"_links":{"self":[{"href":"https:\/\/jornaldeitaipava.com.br\/index.php\/wp-json\/wp\/v2\/posts\/42769"}],"collection":[{"href":"https:\/\/jornaldeitaipava.com.br\/index.php\/wp-json\/wp\/v2\/posts"}],"about":[{"href":"https:\/\/jornaldeitaipava.com.br\/index.php\/wp-json\/wp\/v2\/types\/post"}],"author":[{"embeddable":true,"href":"https:\/\/jornaldeitaipava.com.br\/index.php\/wp-json\/wp\/v2\/users\/1"}],"replies":[{"embeddable":true,"href":"https:\/\/jornaldeitaipava.com.br\/index.php\/wp-json\/wp\/v2\/comments?post=42769"}],"version-history":[{"count":1,"href":"https:\/\/jornaldeitaipava.com.br\/index.php\/wp-json\/wp\/v2\/posts\/42769\/revisions"}],"predecessor-version":[{"id":42771,"href":"https:\/\/jornaldeitaipava.com.br\/index.php\/wp-json\/wp\/v2\/posts\/42769\/revisions\/42771"}],"wp:featuredmedia":[{"embeddable":true,"href":"https:\/\/jornaldeitaipava.com.br\/index.php\/wp-json\/wp\/v2\/media\/42770"}],"wp:attachment":[{"href":"https:\/\/jornaldeitaipava.com.br\/index.php\/wp-json\/wp\/v2\/media?parent=42769"}],"wp:term":[{"taxonomy":"category","embeddable":true,"href":"https:\/\/jornaldeitaipava.com.br\/index.php\/wp-json\/wp\/v2\/categories?post=42769"},{"taxonomy":"post_tag","embeddable":true,"href":"https:\/\/jornaldeitaipava.com.br\/index.php\/wp-json\/wp\/v2\/tags?post=42769"}],"curies":[{"name":"wp","href":"https:\/\/api.w.org\/{rel}","templated":true}]}}