{"id":42772,"date":"2024-11-12T09:06:38","date_gmt":"2024-11-12T12:06:38","guid":{"rendered":"http:\/\/jornaldeitaipava.com.br\/?p=42772"},"modified":"2024-11-12T09:06:44","modified_gmt":"2024-11-12T12:06:44","slug":"de-oficina-fofura-com-as-criancas-ate-a-alta-gastronomia-oficinas-do-petropolis-gourmet-seguem-interagindo-com-o-publico","status":"publish","type":"post","link":"https:\/\/jornaldeitaipava.com.br\/index.php\/2024\/11\/12\/de-oficina-fofura-com-as-criancas-ate-a-alta-gastronomia-oficinas-do-petropolis-gourmet-seguem-interagindo-com-o-publico\/","title":{"rendered":"De \u201coficina fofura\u201d com as crian\u00e7as at\u00e9 a alta gastronomia: oficinas do Petr\u00f3polis Gourmet seguem interagindo com o p\u00fablico"},"content":{"rendered":"\n<p class=\"has-text-align-center\"><strong>Programa\u00e7\u00e3o \u00e9 toda gratuita e acontece em v\u00e1rios espa\u00e7os parceiros<\/strong><\/p>\n\n\n\n<p>T\u00e1 preparado para um momento fofura no Petr\u00f3polis Gourmet? S\u00e3o as oficinas para o p\u00fablico infantil, uma tradi\u00e7\u00e3o no festival. Neste domingo (10), foram os pequenos que colocaram a m\u00e3o na massa, com a oficina \u2018Biscoitos Amanteigados\u2019, conduzida pelos chefs Cristina Pellegrini e Ant\u00f4nio Pellegrini no Vila May, em Itaipava. A programa\u00e7\u00e3o de oficinas \u00e9 intensa, para todos os gostos (e idades), e segue em espa\u00e7os parceiros do festival gastron\u00f4mico at\u00e9 o dia 23, com inscri\u00e7\u00f5es nos pr\u00f3prios locais no hor\u00e1rio dos eventos (sujeito \u00e0 lota\u00e7\u00e3o) e, no Senac, pelo link https:\/\/bit.ly\/festival_petropolis24.<\/p>\n\n\n\n<p>O Petr\u00f3polis Gourmet, este ano com o tema \u201cSinfonia dos Sabores\u201d abriu no dia 08 e segue at\u00e9 o 24 de novembro com uma programa\u00e7\u00e3o extensa interagindo com o p\u00fablico, al\u00e9m dos pratos especiais em 43 bares, restaurantes, cafeterias e delicatessens participantes. O festival realizado pelo Petr\u00f3polis Convention &amp; Visitors Bureau chega \u00e0 24\u00aa edi\u00e7\u00e3o e \u00e9 considerado pelo Minist\u00e9rio do Turismo um dos cinco mais relevantes do pa\u00eds. A programa\u00e7\u00e3o completa do festival pode ser conferida no site oficial www.petropolisgourmet.com.br.<\/p>\n\n\n\n<p>Para os adultos e jovens amantes da gastronomia, o Petr\u00f3polis Gourmet preparou uma s\u00e9rie de oficinas em parceria com espa\u00e7os parceiros, cada uma com uma proposta especial de harmoniza\u00e7\u00e3o e trilha sonora, que promete transformar a experi\u00eancia culin\u00e1ria em um verdadeiro espet\u00e1culo sensorial. No Senac, a programa\u00e7\u00e3o segue nesta quinta (14), com a oficina \u201cHot Temaki (mini)\u201d, inspirada na m\u00fasica Tempos Modernos, de Lulu Santos, que promete envolver os participantes na arte da culin\u00e1ria oriental. No dia 21, a tradi\u00e7\u00e3o italiana entra em cena com a oficina de ravioli, embalada pela can\u00e7\u00e3o Nem Um Dia, de Djavan. Para finalizar a programa\u00e7\u00e3o, no dia 22, os participantes aprender\u00e3o a preparar um sofisticado entremet de abacaxi com coco e ganache verde, ao som de Aquarela do Brasil, interpretada por Gal Costa.<\/p>\n\n\n\n<p>No Hipershopping Petr\u00f3polis, localizado na Rua Teresa, a programa\u00e7\u00e3o de oficinas inicia s\u00e1bado (16), \u00e0s 17h, com a chef Silvia Vogel conduzindo a oficina de \u201cPolenta Cremosa com Cogumelos Salteados e Queijo Brie ou Gorgonzola\u201d, acompanhada de uma harmoniza\u00e7\u00e3o com a cerveja Bock Therez\u00f3polis e o fundo musical de Wave, de Tom Jobim. \u00c0s 19h, uma programa\u00e7\u00e3o musical especial promete embalar o ambiente. No dia 23, o chef Felipe Scassa ser\u00e1 o respons\u00e1vel pela oficina de \u201cRisotto Mozart\u201d, seguida por uma atra\u00e7\u00e3o musical \u00e0s 19h, oferecendo aos participantes uma tarde de sabor e melodia.<\/p>\n\n\n\n<p>O Vila May, em Itaipava, tamb\u00e9m ter\u00e1 uma agenda recheada de sabor no dia 23 de novembro. \u00c0s 16h, o chef Ramon Guimar\u00e3es apresenta o \u201cCamar\u00e3o Flambado no Alho e \u00d3leo\u201d, servido com p\u00e3o temperado com ervas e azeite. Em seguida, \u00e0s 18h, o chef Ricardo Gonzalez resgata a originalidade do tradicional \u201cP\u00e3o Petr\u00f3polis\u201d com uma oficina sobre a ic\u00f4nica Torrada Petr\u00f3polis.<\/p>\n\n\n\n<p>A programa\u00e7\u00e3o das oficinas faz uma parada especial na Casa da Chef na Serra, em Itaipava, dia 21, \u00e0s 10h, quando a chef Adriana Marchese realiza a oficina \u201cRavi\u00f3lis Decorados com Legumes Org\u00e2nicos do S\u00edtio do Moinho\u201d, promovendo uma experi\u00eancia sustent\u00e1vel e artesanal.<\/p>\n\n\n\n<p>\u201cAs oficinas do Petr\u00f3polis Gourmet 2024 oferecem uma verdadeira jornada gastron\u00f4mica que celebra a cultura e os sabores locais, proporcionando momentos de aprendizado e entretenimento para o p\u00fablico de todas as idades. A integra\u00e7\u00e3o com o p\u00fablico \u00e9 uma das premissas do festival e que o deixa t\u00e3o especial\u201d, afirma o diretor de Gastronomia do Petr\u00f3polis Convention, M\u00facio Maffaciolli.<\/p>\n\n\n\n<p>?\u200d? OFICINAS<br>Os nossos parceiros abrem as portas para a gastronomia reinar com chefs renomados em uma s\u00e9rie de oficinas gratuitas abertas ao p\u00fablico.<br>?\u200d? Oficinas Senac (inscri\u00e7\u00f5es no link https:\/\/bit.ly\/festival_petropolis24)<\/p>\n\n\n\n<p>14\/11 (quinta) de 19h \u00e0s 22h \u201cHot temaki (mini)\u201d &#8211; M\u00fasica de inspira\u00e7\u00e3o: Tempos modernos, Lulu Santos<br>21\/11 (quinta) de 19h \u00e0s 22h \u201cRavioli\u201d &#8211; M\u00fasica de inspira\u00e7\u00e3o: Nem um dia, Djavan<br>22\/11 (sexta) de 19h \u00e0s 22h \u201cEntremet de abacaxi com coco e ganache verde\u201d &#8211; M\u00fasica de inspira\u00e7\u00e3o: Aquarela do Brasil, Gal Costa<br>? Oficinas no Hipershopping Petr\u00f3polis (inscri\u00e7\u00f5es no local, sujeito \u00e0 lota\u00e7\u00e3o)<br>Rua Teresa 1515, Alto da Serra<\/p>\n\n\n\n<p>16\/11 (s\u00e1bado) \u00e0s 17h \u201cPolenta Cremosa com Cogumelos Salteados e Queijo brie ou gorgonzola\u201d \u2013 Chef Silvia Vogel &#8211; M\u00fasica de inspira\u00e7\u00e3o: Wave, Tom Jobim &#8211; Harmoniza\u00e7\u00e3o: Cerveja Bock Therez\u00f3polis Programa\u00e7\u00e3o musical \u00e0s 19h<\/p>\n\n\n\n<p>23\/11 (s\u00e1bado) \u00e0s 17h \u201cRisotto Mozart\u201d &#8211; Chef: Felipe Scassa Programa\u00e7\u00e3o musical \u00e0s 19h<br>? Oficinas no Villa May Itaipava- (inscri\u00e7\u00f5es no local, sujeito \u00e0 lota\u00e7\u00e3o)<br>Estr. Uni\u00e3o e Ind\u00fastria, 10290, Itaipava<\/p>\n\n\n\n<p>23\/11 (s\u00e1bado) \u00e0s 16h \u201cCamar\u00e3o flambado no alho e \u00f3leo servido com p\u00e3o temperado com ervas e azeite\u201d &#8211; Chef: Ramon Guimar\u00e3es<br>23\/11 (s\u00e1bado) \u00e0s 18h \u201cP\u00e3o Petr\u00f3polis Resgate da originalidade do p\u00e3o (Torrada Petr\u00f3polis)\u201d &#8211; Chef: Ricardo Gonzalez<br>? Oficina na Casa da Chef na Serra &#8211; (inscri\u00e7\u00f5es no local, sujeito \u00e0 lota\u00e7\u00e3o)<br>R. Neuza Goulart Brizola, 281 &#8211; casa 68, Itaipava<\/p>\n\n\n\n<p>21\/11 (quarta) \u00e0s 10h \u201cRavi\u00f3lis decorados com os legumes org\u00e2nicos do S\u00edtio do Moinho\u201d &#8211; Chef: Adriana Marchese<\/p>\n\n\n\n<p>?\ufe0f XXIV Petr\u00f3polis Gourmet \u2013 Sinfonia dos Sabores<\/p>\n\n\n\n<p>? 08 a 24 de novembro<br>? 43 restaurantes e bares participantes<br>?\u200d? Oficinas<br>?\ufe0f Mercado do Produtor<br>? Desafio dos Chefs<br>? Agitos Gastron\u00f4micos<br>? Programa\u00e7\u00e3o completa em www.petropolisgourmet.com.br<\/p>\n","protected":false},"excerpt":{"rendered":"<p>Programa\u00e7\u00e3o \u00e9 toda gratuita e acontece em v\u00e1rios espa\u00e7os parceiros T\u00e1 preparado para um momento<\/p>\n","protected":false},"author":1,"featured_media":42773,"comment_status":"closed","ping_status":"open","sticky":false,"template":"","format":"standard","meta":{"spay_email":"","footnotes":"","jetpack_publicize_message":""},"categories":[1],"tags":[],"jetpack_featured_media_url":"https:\/\/i0.wp.com\/jornaldeitaipava.com.br\/wp-content\/uploads\/2024\/11\/Oficina-infantil-Vila-May-9.jpeg?fit=1600%2C1200&ssl=1","jetpack_publicize_connections":[],"jetpack_sharing_enabled":true,"jetpack_likes_enabled":true,"jetpack-related-posts":[],"_links":{"self":[{"href":"https:\/\/jornaldeitaipava.com.br\/index.php\/wp-json\/wp\/v2\/posts\/42772"}],"collection":[{"href":"https:\/\/jornaldeitaipava.com.br\/index.php\/wp-json\/wp\/v2\/posts"}],"about":[{"href":"https:\/\/jornaldeitaipava.com.br\/index.php\/wp-json\/wp\/v2\/types\/post"}],"author":[{"embeddable":true,"href":"https:\/\/jornaldeitaipava.com.br\/index.php\/wp-json\/wp\/v2\/users\/1"}],"replies":[{"embeddable":true,"href":"https:\/\/jornaldeitaipava.com.br\/index.php\/wp-json\/wp\/v2\/comments?post=42772"}],"version-history":[{"count":1,"href":"https:\/\/jornaldeitaipava.com.br\/index.php\/wp-json\/wp\/v2\/posts\/42772\/revisions"}],"predecessor-version":[{"id":42774,"href":"https:\/\/jornaldeitaipava.com.br\/index.php\/wp-json\/wp\/v2\/posts\/42772\/revisions\/42774"}],"wp:featuredmedia":[{"embeddable":true,"href":"https:\/\/jornaldeitaipava.com.br\/index.php\/wp-json\/wp\/v2\/media\/42773"}],"wp:attachment":[{"href":"https:\/\/jornaldeitaipava.com.br\/index.php\/wp-json\/wp\/v2\/media?parent=42772"}],"wp:term":[{"taxonomy":"category","embeddable":true,"href":"https:\/\/jornaldeitaipava.com.br\/index.php\/wp-json\/wp\/v2\/categories?post=42772"},{"taxonomy":"post_tag","embeddable":true,"href":"https:\/\/jornaldeitaipava.com.br\/index.php\/wp-json\/wp\/v2\/tags?post=42772"}],"curies":[{"name":"wp","href":"https:\/\/api.w.org\/{rel}","templated":true}]}}