{"id":42775,"date":"2024-11-12T09:07:50","date_gmt":"2024-11-12T12:07:50","guid":{"rendered":"http:\/\/jornaldeitaipava.com.br\/?p=42775"},"modified":"2024-11-12T09:07:57","modified_gmt":"2024-11-12T12:07:57","slug":"prefeitura-de-teresopolis-realiza-feirao-de-empregos-ate-quinta-dia-14-na-calcada-da-fama","status":"publish","type":"post","link":"https:\/\/jornaldeitaipava.com.br\/index.php\/2024\/11\/12\/prefeitura-de-teresopolis-realiza-feirao-de-empregos-ate-quinta-dia-14-na-calcada-da-fama\/","title":{"rendered":"Prefeitura de Teres\u00f3polis realiza Feir\u00e3o de Empregos at\u00e9 quinta, dia 14, na Cal\u00e7ada da Fama"},"content":{"rendered":"\n<p class=\"has-text-align-center\"><strong>S\u00e3o 439 vagas, sendo 267 com experi\u00eancia e 167 sem experi\u00eancia. Tamb\u00e9m h\u00e1 oportunidades para PcD, est\u00e1gio e Jovem Aprendiz<\/strong><\/p>\n\n\n\n<p>A temporada de Natal oferece oportunidades para quem busca vagas permanentes e tempor\u00e1rias, pois muitas empresas aumentam suas equipes para lidar com a demanda do fim de ano.<\/p>\n\n\n\n<p>Para atender este p\u00fablico, a Secretaria Municipal de Trabalho, Emprego e Economia Solid\u00e1ria realiza um Feir\u00e3o de Empregos desta ter\u00e7a, 12\/11, at\u00e9 quinta-feira, 14\/11. S\u00e3o oferecidas 439 vagas, sendo 267 para candidatos com experi\u00eancia, 167 oportunidades sem experi\u00eancia, 03 para pessoa com defici\u00eancia (PcD), 01 vaga de est\u00e1gio e 01 para Jovem Aprendiz.<\/p>\n\n\n\n<p>Equipe do Sine Teres\u00f3polis atender\u00e1 ao p\u00fablico das 10h \u00e0s 16h, na Cal\u00e7ada da Fama (Rua Francisco S\u00e1, 72), no centro da cidade. Para se candidatar, basta o interessado comparecer com documentos pessoais e curr\u00edculo.<\/p>\n\n\n\n<p>Entrevista: Nesta ter\u00e7a-feira, 12\/11, representantes da Funda\u00e7\u00e3o Educacional Serra dos \u00d3rg\u00e3os, do Supermercado Flor da Posse e do grupo JFC entrevistar\u00e3o candidatos, de acordo com o perfil da empresa.<\/p>\n\n\n\n<p>Com experi\u00eancia: Entre as op\u00e7\u00f5es com experi\u00eancia h\u00e1 vagas para a\u00e7ougueiro (06), balconista de farm\u00e1cia (08), caixa de supermercado (07), gar\u00e7om (06), motorista de caminh\u00e3o (30), operador de caixa (32), serralheiro (06) e vigia (13).<\/p>\n\n\n\n<p>Sem experi\u00eancia: Entre as oportunidades para candidatos sem experi\u00eancia est\u00e3o almoxarife (05), ajudante de motorista (30), atendente de lanchonete (08), carregador de caminh\u00e3o (10), embalador a m\u00e3o (10), expedidor de mercadoria (10), recepcionista de hospital (01) e perfumista (04).<\/p>\n\n\n\n<p>PcD, est\u00e1gio e Jovem Aprendiz: Para pessoa com defici\u00eancia (PcD) h\u00e1 oportunidade para auxiliar administrativo (02) e auxiliar de pr\u00f3tese dent\u00e1ria (01). Para estagi\u00e1rio h\u00e1 01 vaga para auxiliar administrativo e 01 vaga de estoquista para Jovem Aprendiz.<\/p>\n","protected":false},"excerpt":{"rendered":"<p>S\u00e3o 439 vagas, sendo 267 com experi\u00eancia e 167 sem experi\u00eancia. Tamb\u00e9m h\u00e1 oportunidades para<\/p>\n","protected":false},"author":1,"featured_media":11530,"comment_status":"closed","ping_status":"open","sticky":false,"template":"","format":"standard","meta":{"spay_email":"","footnotes":"","jetpack_publicize_message":""},"categories":[5],"tags":[],"jetpack_featured_media_url":"https:\/\/i2.wp.com\/jornaldeitaipava.com.br\/wp-content\/uploads\/2021\/03\/TERESOPOLIS-PMP-1.jpg?fit=1024%2C512&ssl=1","jetpack_publicize_connections":[],"jetpack_sharing_enabled":true,"jetpack_likes_enabled":true,"jetpack-related-posts":[],"_links":{"self":[{"href":"https:\/\/jornaldeitaipava.com.br\/index.php\/wp-json\/wp\/v2\/posts\/42775"}],"collection":[{"href":"https:\/\/jornaldeitaipava.com.br\/index.php\/wp-json\/wp\/v2\/posts"}],"about":[{"href":"https:\/\/jornaldeitaipava.com.br\/index.php\/wp-json\/wp\/v2\/types\/post"}],"author":[{"embeddable":true,"href":"https:\/\/jornaldeitaipava.com.br\/index.php\/wp-json\/wp\/v2\/users\/1"}],"replies":[{"embeddable":true,"href":"https:\/\/jornaldeitaipava.com.br\/index.php\/wp-json\/wp\/v2\/comments?post=42775"}],"version-history":[{"count":1,"href":"https:\/\/jornaldeitaipava.com.br\/index.php\/wp-json\/wp\/v2\/posts\/42775\/revisions"}],"predecessor-version":[{"id":42776,"href":"https:\/\/jornaldeitaipava.com.br\/index.php\/wp-json\/wp\/v2\/posts\/42775\/revisions\/42776"}],"wp:featuredmedia":[{"embeddable":true,"href":"https:\/\/jornaldeitaipava.com.br\/index.php\/wp-json\/wp\/v2\/media\/11530"}],"wp:attachment":[{"href":"https:\/\/jornaldeitaipava.com.br\/index.php\/wp-json\/wp\/v2\/media?parent=42775"}],"wp:term":[{"taxonomy":"category","embeddable":true,"href":"https:\/\/jornaldeitaipava.com.br\/index.php\/wp-json\/wp\/v2\/categories?post=42775"},{"taxonomy":"post_tag","embeddable":true,"href":"https:\/\/jornaldeitaipava.com.br\/index.php\/wp-json\/wp\/v2\/tags?post=42775"}],"curies":[{"name":"wp","href":"https:\/\/api.w.org\/{rel}","templated":true}]}}