{"id":42777,"date":"2024-11-12T09:12:43","date_gmt":"2024-11-12T12:12:43","guid":{"rendered":"http:\/\/jornaldeitaipava.com.br\/?p=42777"},"modified":"2024-11-12T09:12:48","modified_gmt":"2024-11-12T12:12:48","slug":"prefeito-eleito-hingo-hammes-esclarece-sobre-a-lei-de-contribuicao-previdenciaria-e-a-responsabilidade-de-ajuste","status":"publish","type":"post","link":"https:\/\/jornaldeitaipava.com.br\/index.php\/2024\/11\/12\/prefeito-eleito-hingo-hammes-esclarece-sobre-a-lei-de-contribuicao-previdenciaria-e-a-responsabilidade-de-ajuste\/","title":{"rendered":"Prefeito eleito Hingo Hammes esclarece sobre a Lei de Contribui\u00e7\u00e3o Previdenci\u00e1ria e a responsabilidade de ajuste"},"content":{"rendered":"\n<p class=\"has-text-align-center\"><strong>Perdas na arrecada\u00e7\u00e3o do INPAS alegadas pela Prefeitura decorrem de obriga\u00e7\u00f5es n\u00e3o cumpridas pela portaria de 2022<\/strong><\/p>\n\n\n\n<p>O prefeito eleito de Petr\u00f3polis esclareceu que a Lei Complementar n\u00ba 8.138, de 18 de maio de 2021, que fixa a contribui\u00e7\u00e3o previdenci\u00e1ria dos servidores municipais, foi criada em conformidade com a Emenda Constitucional n\u00ba 103\/2019, que estabeleceu al\u00edquotas progressivas. Ap\u00f3s a aprova\u00e7\u00e3o da lei municipal, o governo interino remeteu a legisla\u00e7\u00e3o \u00e0 Secretaria de Previd\u00eancia para aprecia\u00e7\u00e3o. Assim que a conformidade da lei foi atestada, a Secretaria emitiu o certificado, confirmando que, durante a gest\u00e3o do governo interino, a lei estava em plena conformidade com a legisla\u00e7\u00e3o federal.<\/p>\n\n\n\n<p>Contudo, a partir de junho de 2022, com a publica\u00e7\u00e3o da Portaria MTP n\u00ba 1.467, surgiram novas exig\u00eancias, incluindo a necessidade de um demonstrativo que comprove que a arrecada\u00e7\u00e3o, gerada pelas al\u00edquotas progressivas, alcan\u00e7aria, no m\u00ednimo, o montante obtido com a al\u00edquota uniforme de 14%.<\/p>\n\n\n\n<p>O prefeito eleito explicou que, embora a lei de 2021 estivesse em conformidade com a emenda constitucional no momento em que foi sancionada, a responsabilidade de realizar a altera\u00e7\u00e3o necess\u00e1ria, para adequar a legisla\u00e7\u00e3o \u00e0 nova portaria, recai sobre o atual governo municipal.<\/p>\n\n\n\n<p>\u201cA gest\u00e3o interina cumpriu todas as obriga\u00e7\u00f5es previstas pela Emenda Constitucional n\u00ba 103\/2019 ao criar a Lei Complementar em 2021. No entanto, com a Portaria MTP n\u00ba 1.467, em 2022, ficou claro que seria necess\u00e1rio um ajuste, o que deveria ser feito pelo atual governo. A responsabilidade de alterar a lei \u00e9, portanto, do atual prefeito\u201d, afirmou o prefeito eleito.<\/p>\n","protected":false},"excerpt":{"rendered":"<p>Perdas na arrecada\u00e7\u00e3o do INPAS alegadas pela Prefeitura decorrem de obriga\u00e7\u00f5es n\u00e3o cumpridas pela portaria<\/p>\n","protected":false},"author":1,"featured_media":42778,"comment_status":"closed","ping_status":"open","sticky":false,"template":"","format":"standard","meta":{"spay_email":"","footnotes":"","jetpack_publicize_message":""},"categories":[2],"tags":[],"jetpack_featured_media_url":"https:\/\/i2.wp.com\/jornaldeitaipava.com.br\/wp-content\/uploads\/2024\/11\/hingo.jpg?fit=298%2C216&ssl=1","jetpack_publicize_connections":[],"jetpack_sharing_enabled":true,"jetpack_likes_enabled":true,"jetpack-related-posts":[],"_links":{"self":[{"href":"https:\/\/jornaldeitaipava.com.br\/index.php\/wp-json\/wp\/v2\/posts\/42777"}],"collection":[{"href":"https:\/\/jornaldeitaipava.com.br\/index.php\/wp-json\/wp\/v2\/posts"}],"about":[{"href":"https:\/\/jornaldeitaipava.com.br\/index.php\/wp-json\/wp\/v2\/types\/post"}],"author":[{"embeddable":true,"href":"https:\/\/jornaldeitaipava.com.br\/index.php\/wp-json\/wp\/v2\/users\/1"}],"replies":[{"embeddable":true,"href":"https:\/\/jornaldeitaipava.com.br\/index.php\/wp-json\/wp\/v2\/comments?post=42777"}],"version-history":[{"count":1,"href":"https:\/\/jornaldeitaipava.com.br\/index.php\/wp-json\/wp\/v2\/posts\/42777\/revisions"}],"predecessor-version":[{"id":42779,"href":"https:\/\/jornaldeitaipava.com.br\/index.php\/wp-json\/wp\/v2\/posts\/42777\/revisions\/42779"}],"wp:featuredmedia":[{"embeddable":true,"href":"https:\/\/jornaldeitaipava.com.br\/index.php\/wp-json\/wp\/v2\/media\/42778"}],"wp:attachment":[{"href":"https:\/\/jornaldeitaipava.com.br\/index.php\/wp-json\/wp\/v2\/media?parent=42777"}],"wp:term":[{"taxonomy":"category","embeddable":true,"href":"https:\/\/jornaldeitaipava.com.br\/index.php\/wp-json\/wp\/v2\/categories?post=42777"},{"taxonomy":"post_tag","embeddable":true,"href":"https:\/\/jornaldeitaipava.com.br\/index.php\/wp-json\/wp\/v2\/tags?post=42777"}],"curies":[{"name":"wp","href":"https:\/\/api.w.org\/{rel}","templated":true}]}}