{"id":42782,"date":"2024-11-12T09:29:46","date_gmt":"2024-11-12T12:29:46","guid":{"rendered":"http:\/\/jornaldeitaipava.com.br\/?p=42782"},"modified":"2024-11-12T09:29:53","modified_gmt":"2024-11-12T12:29:53","slug":"justica-proibe-estado-do-rio-de-usar-verba-de-educacao-para-seguranca","status":"publish","type":"post","link":"https:\/\/jornaldeitaipava.com.br\/index.php\/2024\/11\/12\/justica-proibe-estado-do-rio-de-usar-verba-de-educacao-para-seguranca\/","title":{"rendered":"Justi\u00e7a pro\u00edbe estado do Rio de usar verba de Educa\u00e7\u00e3o para Seguran\u00e7a"},"content":{"rendered":"\n<p>A 3\u00aa C\u00e2mara de Direito P\u00fablico do Tribunal de Justi\u00e7a do Rio de Janeiro proibiu o governo do estado de usar o or\u00e7amento destinado \u00e0 educa\u00e7\u00e3o para financiar a\u00e7\u00f5es de seguran\u00e7a p\u00fablica e pagamento de pessoal, seja atrav\u00e9s do Programa Estadual de Integra\u00e7\u00e3o na Seguran\u00e7a (Proeis) ou de projetos similares.<\/p>\n\n\n\n<p>A decis\u00e3o, que atendeu a pedido do Minist\u00e9rio P\u00fablico do Rio de Janeiro (MPRJ), determina tamb\u00e9m que o Estado do Rio devolva todos os valores utilizados durante a vig\u00eancia do programa &#8211; de 2012 a 2017. Os gastos com o programa somam R$ 147 milh\u00f5es, ainda sem corre\u00e7\u00e3o monet\u00e1ria e juros. O valor corrigido ainda ser\u00e1 apurado. O MPRJ requer que seja providenciada a abertura de uma conta banc\u00e1ria espec\u00edfica para o dep\u00f3sito do valor da condena\u00e7\u00e3o, em nome da Secretaria de Estado de Educa\u00e7\u00e3o (Seeduc).<\/p>\n\n\n\n<p>A A\u00e7\u00e3o Civil P\u00fablica foi ajuizada em raz\u00e3o de den\u00fancias apuradas sobre conv\u00eanio estabelecido entre a Seduc e a Secretaria de Seguran\u00e7a P\u00fablica (Seseg), que consistia na parceria entre a Pol\u00edcia Militar e as escolas estaduais para que fossem prestados servi\u00e7os de seguran\u00e7a escolar. As investiga\u00e7\u00f5es apontaram que a verba para o custeio de pessoal e despesas relativas ao desenvolvimento do projeto foram utilizados para o pagamento de policiais militares. &#8220;A medida \u00e9 considerada ilegal, j\u00e1 que os militares alocados nas escolas desempenhavam fun\u00e7\u00f5es de seguran\u00e7a p\u00fablica e n\u00e3o de ensino&#8221;, informou o Minist\u00e9rio P\u00fablico.<\/p>\n\n\n\n<p>Da Ag\u00eancia Brasil<\/p>\n","protected":false},"excerpt":{"rendered":"<p>A 3\u00aa C\u00e2mara de Direito P\u00fablico do Tribunal de Justi\u00e7a do Rio de Janeiro proibiu<\/p>\n","protected":false},"author":1,"featured_media":1112,"comment_status":"closed","ping_status":"open","sticky":false,"template":"","format":"standard","meta":{"spay_email":"","footnotes":"","jetpack_publicize_message":""},"categories":[9],"tags":[],"jetpack_featured_media_url":"https:\/\/i0.wp.com\/jornaldeitaipava.com.br\/wp-content\/uploads\/2020\/09\/palacio_guanabara.jpg?fit=1008%2C567&ssl=1","jetpack_publicize_connections":[],"jetpack_sharing_enabled":true,"jetpack_likes_enabled":true,"jetpack-related-posts":[],"_links":{"self":[{"href":"https:\/\/jornaldeitaipava.com.br\/index.php\/wp-json\/wp\/v2\/posts\/42782"}],"collection":[{"href":"https:\/\/jornaldeitaipava.com.br\/index.php\/wp-json\/wp\/v2\/posts"}],"about":[{"href":"https:\/\/jornaldeitaipava.com.br\/index.php\/wp-json\/wp\/v2\/types\/post"}],"author":[{"embeddable":true,"href":"https:\/\/jornaldeitaipava.com.br\/index.php\/wp-json\/wp\/v2\/users\/1"}],"replies":[{"embeddable":true,"href":"https:\/\/jornaldeitaipava.com.br\/index.php\/wp-json\/wp\/v2\/comments?post=42782"}],"version-history":[{"count":1,"href":"https:\/\/jornaldeitaipava.com.br\/index.php\/wp-json\/wp\/v2\/posts\/42782\/revisions"}],"predecessor-version":[{"id":42783,"href":"https:\/\/jornaldeitaipava.com.br\/index.php\/wp-json\/wp\/v2\/posts\/42782\/revisions\/42783"}],"wp:featuredmedia":[{"embeddable":true,"href":"https:\/\/jornaldeitaipava.com.br\/index.php\/wp-json\/wp\/v2\/media\/1112"}],"wp:attachment":[{"href":"https:\/\/jornaldeitaipava.com.br\/index.php\/wp-json\/wp\/v2\/media?parent=42782"}],"wp:term":[{"taxonomy":"category","embeddable":true,"href":"https:\/\/jornaldeitaipava.com.br\/index.php\/wp-json\/wp\/v2\/categories?post=42782"},{"taxonomy":"post_tag","embeddable":true,"href":"https:\/\/jornaldeitaipava.com.br\/index.php\/wp-json\/wp\/v2\/tags?post=42782"}],"curies":[{"name":"wp","href":"https:\/\/api.w.org\/{rel}","templated":true}]}}