{"id":43380,"date":"2024-12-16T11:59:59","date_gmt":"2024-12-16T14:59:59","guid":{"rendered":"http:\/\/jornaldeitaipava.com.br\/?p=43380"},"modified":"2024-12-16T12:00:23","modified_gmt":"2024-12-16T15:00:23","slug":"balcao-de-empregos-mais-71-vagas-para-esta-semana","status":"publish","type":"post","link":"https:\/\/jornaldeitaipava.com.br\/index.php\/2024\/12\/16\/balcao-de-empregos-mais-71-vagas-para-esta-semana\/","title":{"rendered":"Balc\u00e3o de Empregos: mais 71 vagas para esta semana"},"content":{"rendered":"\n<p>O Balc\u00e3o de Empregos est\u00e1 oferecendo mais 71 oportunidades de trabalho em empresas do munic\u00edpio. Para participar dos processos de sele\u00e7\u00e3o, os candidatos devem fazer o cadastramento de seus curr\u00edculos no site da Prefeitura (<a href=\"https:\/\/www.petropolis.rj.gov.br\" target=\"_blank\" rel=\"noreferrer noopener\">https:\/\/www.petropolis.rj.gov.br<\/a>) entre segunda-feira (16) a sexta-feira (20).<br>Todos os candidatos concorrem nos processos seletivos, desde que atendam aos requisitos exigidos pelos empregadores. As empresas t\u00eam responsabilidade integral pelo recrutamento e pelas contrata\u00e7\u00f5es.<\/p>\n\n\n\n<p>Veja as oportunidades desta semana:<\/p>\n\n\n\n<p>A\u00e7ougueiro &#8211; Ensino M\u00e9dio \/ Experi\u00eancia na fun\u00e7\u00e3o &#8211; 2 vagas<\/p>\n\n\n\n<p>Atendente de Lanchonete &#8211; Ensino Fundamental &#8211; 1 vaga<\/p>\n\n\n\n<p>Auxiliar de Cozinha &#8211; Ensino Fundamental \/ Experi\u00eancia de 1 ano na Fun\u00e7\u00e3o &#8211; 1 vaga<\/p>\n\n\n\n<p>Auxiliar de Limpeza &#8211; Ensino Fundamental \/ Experi\u00eancia na fun\u00e7\u00e3o &#8211; 1 vaga<\/p>\n\n\n\n<p>Auxiliar de Manuten\u00e7\u00e3o &#8211; Ensino Fundamental \/ Experi\u00eancia na fun\u00e7\u00e3o &#8211; 1 vaga<\/p>\n\n\n\n<p>Auxiliar de Manuten\u00e7\u00e3o &#8211; Ensino Fundamental \/ Experi\u00eancia na fun\u00e7\u00e3o &#8211; 1 vaga<\/p>\n\n\n\n<p>Auxiliar de Produ\u00e7\u00e3o &#8211; Ensino M\u00e9dio \/ Experi\u00eancia na fun\u00e7\u00e3o &#8211; 1 vaga<\/p>\n\n\n\n<p>Auxiliar de Produ\u00e7\u00e3o &#8211; Ensino M\u00e9dio &#8211; 1 vaga<\/p>\n\n\n\n<p>Auxiliar de Servi\u00e7os Gerais &#8211; Ensino Fundamental &#8211; 1 vaga<\/p>\n\n\n\n<p>Auxiliar de Servi\u00e7os Gerais &#8211; Ensino Fundamental \/ Experi\u00eancia de 1 ano na Fun\u00e7\u00e3o &#8211; 2 vagas<\/p>\n\n\n\n<p>Auxiliar de Servi\u00e7os Gerais &#8211; Ensino Fundamental &#8211; 8 vagas<\/p>\n\n\n\n<p>Auxiliar de Servi\u00e7os Gerais &#8211; Ensino Fundamental \/ Experi\u00eancia na fun\u00e7\u00e3o &#8211; 2 vagas<\/p>\n\n\n\n<p>Auxiliar de Servi\u00e7os Gerais (Cadastro Reserva) &#8211; Ensino Fundamental \/ Disponibilidade de Hor\u00e1rio &#8211; 3 vagas<\/p>\n\n\n\n<p>Cortador \u00e0 Tesoura &#8211; Ensino M\u00e9dio \/ Experi\u00eancia na fun\u00e7\u00e3o &#8211; 1 vaga<\/p>\n\n\n\n<p>Cortador de Artefatos de Couro &#8211; Ensino M\u00e9dio \/ Experi\u00eancia na fun\u00e7\u00e3o &#8211; 1 vaga<\/p>\n\n\n\n<p>Costureira Retista &#8211; Ensino M\u00e9dio \/ Experi\u00eancia de 2 anos na Fun\u00e7\u00e3o &#8211; 2 vagas<\/p>\n\n\n\n<p>Deposista de Mercado &#8211; Ensino Fundamental &#8211; 3 vagas<\/p>\n\n\n\n<p>Estofador de M\u00f3veis &#8211; Ensino M\u00e9dio &#8211; 3 vagas<\/p>\n\n\n\n<p>Gar\u00e7om &#8211; Ensino Fundamental \/ Experi\u00eancia na fun\u00e7\u00e3o &#8211; 1 vaga<\/p>\n\n\n\n<p>Jardineiro &#8211; Ensino Fundamental \/ Experi\u00eancia na fun\u00e7\u00e3o &#8211; 2 vagas<\/p>\n\n\n\n<p>L\u00edder de Manuten\u00e7\u00e3o de Instala\u00e7\u00f5es &#8211; Ensino M\u00e9dio \/ Cursos espec\u00edficos na \u00e1rea \/ Experi\u00eancia de 1 ano na fun\u00e7\u00e3o &#8211; 1 vaga<\/p>\n\n\n\n<p>Marceneiro &#8211; Ensino M\u00e9dio \/ Experi\u00eancia na fun\u00e7\u00e3o &#8211; 2 vagas<\/p>\n\n\n\n<p>Mec\u00e2nico &#8211; Ensino M\u00e9dio \/ Cursos espec\u00edficos na \u00e1rea \/ Experi\u00eancia de 1 ano na fun\u00e7\u00e3o &#8211; 1 vaga<\/p>\n\n\n\n<p>Mec\u00e2nico &#8211; Ensino M\u00e9dio \/ Cursos espec\u00edficos na \u00e1rea \/ Experi\u00eancia de 1 ano na fun\u00e7\u00e3o &#8211; 1 vaga<\/p>\n\n\n\n<p>Mec\u00e2nico de Manuten\u00e7\u00e3o Instala\u00e7\u00f5es &#8211; Ensino M\u00e9dio \/ Cursos espec\u00edficos na \u00e1rea \/ Experi\u00eancia de 1 ano na fun\u00e7\u00e3o &#8211; 2 vaga<\/p>\n\n\n\n<p>Mec\u00e2nico de Manuten\u00e7\u00e3o Instala\u00e7\u00f5es &#8211; Ensino M\u00e9dio \/ Cursos espec\u00edficos na \u00e1rea \/ Experi\u00eancia de 1 ano na fun\u00e7\u00e3o &#8211; 1 vaga<\/p>\n\n\n\n<p>Montador de M\u00f3veis &#8211; Ensino Fundamental \/ CNH cat.B \/ Experi\u00eancia na fun\u00e7\u00e3o &#8211; 2 vagas<\/p>\n\n\n\n<p>Operador de M\u00e1quina de Usinagem Madeira &#8211; Ensino M\u00e9dio \/ Experi\u00eancia na fun\u00e7\u00e3o &#8211; 2 vagas<\/p>\n\n\n\n<p>Pedreiro &#8211; Ensino Fundamental \/ Experi\u00eancia na fun\u00e7\u00e3o &#8211; 3 vagas<\/p>\n\n\n\n<p>Porteiro &#8211; Ensino Fundamental &#8211; 1 vaga<\/p>\n\n\n\n<p>Porteiro (Cadastro Reserva) &#8211; Ensino Fundamental \/ Disponibilidade de Hor\u00e1rio &#8211; 3 vagas<\/p>\n\n\n\n<p>Programador Visual &#8211; Ensino Superior \/ Cursos espec\u00edficos na \u00e1rea &#8211; 1 vaga<\/p>\n\n\n\n<p>Servente de Obras &#8211; Ensino Fundamental \/ Experi\u00eancia na fun\u00e7\u00e3o &#8211; 6 vagas<\/p>\n\n\n\n<p>Supervisor de Manuten\u00e7\u00e3o &#8211; Ensino M\u00e9dio \/ CNH Cat.B \/ Cursos Espec\u00edficos na \u00e1rea \/ Experi\u00eancia de 1 ano na fun\u00e7\u00e3o &#8211; 1 vaga<\/p>\n\n\n\n<p>Tecnico Eletromecanico &#8211; Ensino M\u00e9dio \/ Cursos espec\u00edficos na \u00e1rea \/ Experi\u00eancia de 2 ano na fun\u00e7\u00e3o &#8211; 6 vagas<\/p>\n","protected":false},"excerpt":{"rendered":"<p>O Balc\u00e3o de Empregos est\u00e1 oferecendo mais 71 oportunidades de trabalho em empresas do munic\u00edpio.<\/p>\n","protected":false},"author":1,"featured_media":11958,"comment_status":"closed","ping_status":"open","sticky":false,"template":"","format":"standard","meta":{"spay_email":"","footnotes":"","jetpack_publicize_message":""},"categories":[24],"tags":[],"jetpack_featured_media_url":"https:\/\/i0.wp.com\/jornaldeitaipava.com.br\/wp-content\/uploads\/2021\/03\/carteira-trabalho.jpg?fit=877%2C497&ssl=1","jetpack_publicize_connections":[],"jetpack_sharing_enabled":true,"jetpack_likes_enabled":true,"jetpack-related-posts":[],"_links":{"self":[{"href":"https:\/\/jornaldeitaipava.com.br\/index.php\/wp-json\/wp\/v2\/posts\/43380"}],"collection":[{"href":"https:\/\/jornaldeitaipava.com.br\/index.php\/wp-json\/wp\/v2\/posts"}],"about":[{"href":"https:\/\/jornaldeitaipava.com.br\/index.php\/wp-json\/wp\/v2\/types\/post"}],"author":[{"embeddable":true,"href":"https:\/\/jornaldeitaipava.com.br\/index.php\/wp-json\/wp\/v2\/users\/1"}],"replies":[{"embeddable":true,"href":"https:\/\/jornaldeitaipava.com.br\/index.php\/wp-json\/wp\/v2\/comments?post=43380"}],"version-history":[{"count":1,"href":"https:\/\/jornaldeitaipava.com.br\/index.php\/wp-json\/wp\/v2\/posts\/43380\/revisions"}],"predecessor-version":[{"id":43381,"href":"https:\/\/jornaldeitaipava.com.br\/index.php\/wp-json\/wp\/v2\/posts\/43380\/revisions\/43381"}],"wp:featuredmedia":[{"embeddable":true,"href":"https:\/\/jornaldeitaipava.com.br\/index.php\/wp-json\/wp\/v2\/media\/11958"}],"wp:attachment":[{"href":"https:\/\/jornaldeitaipava.com.br\/index.php\/wp-json\/wp\/v2\/media?parent=43380"}],"wp:term":[{"taxonomy":"category","embeddable":true,"href":"https:\/\/jornaldeitaipava.com.br\/index.php\/wp-json\/wp\/v2\/categories?post=43380"},{"taxonomy":"post_tag","embeddable":true,"href":"https:\/\/jornaldeitaipava.com.br\/index.php\/wp-json\/wp\/v2\/tags?post=43380"}],"curies":[{"name":"wp","href":"https:\/\/api.w.org\/{rel}","templated":true}]}}