{"id":43417,"date":"2024-12-17T14:08:56","date_gmt":"2024-12-17T17:08:56","guid":{"rendered":"http:\/\/jornaldeitaipava.com.br\/?p=43417"},"modified":"2024-12-17T15:59:20","modified_gmt":"2024-12-17T18:59:20","slug":"setranspetro-informa-sobre-cobrancas-no-dinheiro-e-cartao-com-o-reajuste-da-passagem","status":"publish","type":"post","link":"https:\/\/jornaldeitaipava.com.br\/index.php\/2024\/12\/17\/setranspetro-informa-sobre-cobrancas-no-dinheiro-e-cartao-com-o-reajuste-da-passagem\/","title":{"rendered":"Setranspetro informa sobre cobran\u00e7as no dinheiro e cart\u00e3o com o reajuste da passagem"},"content":{"rendered":"\n<p>O Setranspetro informa que, a partir desta sexta-feira, dia 20 de dezembro de 2024, ser\u00e1 cobrado o valor de R$ 5,65 na tarifa de \u00f4nibus, em Petr\u00f3polis, para os pagamentos realizados em dinheiro e nos cart\u00f5es Riocard Expresso. Na pr\u00e1tica, a medida acaba com o desconto para quem realiza o pagamento atrav\u00e9s do cart\u00e3o pr\u00e9-pago.<br>At\u00e9 o dia 18 de janeiro de 2025, ser\u00e1 descontado o valor da antiga tarifa (R$ 5,15) dos cr\u00e9ditos dos cart\u00f5es Riocard de Vale-Transporte Convencional e Empresarial, que forem comprados at\u00e9 o dia 19 de dezembro de 2024.<br>Ser\u00e1 cobrado o valor de R$ 5,65 dos cr\u00e9ditos dos cart\u00f5es Riocard de Vale-Transporte Convencional e Empresarial que forem comprados a partir do dia 20 de dezembro de 2024.<br>A partir do dia 20 de dezembro de 2024, ser\u00e1 descontado o valor de R$ 2,83 dos cart\u00f5es Riocard dos estudantes da rede particular de ensino, que possuem o direito ao desconto de 50% na tarifa.<br>O troco m\u00e1ximo obrigat\u00f3rio \u00e9 de 20 (vinte) vezes o valor da tarifa, de acordo com o Artigo 1\u00ba, da Lei n\u00ba 5.116, de 18\/03\/1994.<\/p>\n\n\n\n<p><strong>A\u00e7\u00e3o judicial<br><\/strong>Em suas redes sociais, o prefeito eleito Hingo Hammes se disse contra o aumento da passagem e que j\u00e1 ingressou com uma a\u00e7\u00e3o na Justi\u00e7a para a redu\u00e7\u00e3o da mesma.<br>\u201cJ\u00e1 ingressamos com uma a\u00e7\u00e3o judicial para tentar reverter esse aumento, seguindo o compromisso que assumi com a popula\u00e7\u00e3o. Vamos seguir trabalhando por um sistema de transporte melhor para o usu\u00e1rio e tamb\u00e9m para os funcion\u00e1rios\u201d, disse Hingo.<\/p>\n","protected":false},"excerpt":{"rendered":"<p>O Setranspetro informa que, a partir desta sexta-feira, dia 20 de dezembro de 2024, ser\u00e1<\/p>\n","protected":false},"author":1,"featured_media":12515,"comment_status":"closed","ping_status":"open","sticky":false,"template":"","format":"standard","meta":{"spay_email":"","footnotes":"","jetpack_publicize_message":""},"categories":[2],"tags":[],"jetpack_featured_media_url":"https:\/\/i2.wp.com\/jornaldeitaipava.com.br\/wp-content\/uploads\/2021\/03\/RIOCARD-1.jpg?fit=698%2C493&ssl=1","jetpack_publicize_connections":[],"jetpack_sharing_enabled":true,"jetpack_likes_enabled":true,"jetpack-related-posts":[],"_links":{"self":[{"href":"https:\/\/jornaldeitaipava.com.br\/index.php\/wp-json\/wp\/v2\/posts\/43417"}],"collection":[{"href":"https:\/\/jornaldeitaipava.com.br\/index.php\/wp-json\/wp\/v2\/posts"}],"about":[{"href":"https:\/\/jornaldeitaipava.com.br\/index.php\/wp-json\/wp\/v2\/types\/post"}],"author":[{"embeddable":true,"href":"https:\/\/jornaldeitaipava.com.br\/index.php\/wp-json\/wp\/v2\/users\/1"}],"replies":[{"embeddable":true,"href":"https:\/\/jornaldeitaipava.com.br\/index.php\/wp-json\/wp\/v2\/comments?post=43417"}],"version-history":[{"count":2,"href":"https:\/\/jornaldeitaipava.com.br\/index.php\/wp-json\/wp\/v2\/posts\/43417\/revisions"}],"predecessor-version":[{"id":43420,"href":"https:\/\/jornaldeitaipava.com.br\/index.php\/wp-json\/wp\/v2\/posts\/43417\/revisions\/43420"}],"wp:featuredmedia":[{"embeddable":true,"href":"https:\/\/jornaldeitaipava.com.br\/index.php\/wp-json\/wp\/v2\/media\/12515"}],"wp:attachment":[{"href":"https:\/\/jornaldeitaipava.com.br\/index.php\/wp-json\/wp\/v2\/media?parent=43417"}],"wp:term":[{"taxonomy":"category","embeddable":true,"href":"https:\/\/jornaldeitaipava.com.br\/index.php\/wp-json\/wp\/v2\/categories?post=43417"},{"taxonomy":"post_tag","embeddable":true,"href":"https:\/\/jornaldeitaipava.com.br\/index.php\/wp-json\/wp\/v2\/tags?post=43417"}],"curies":[{"name":"wp","href":"https:\/\/api.w.org\/{rel}","templated":true}]}}