{"id":43476,"date":"2024-12-20T10:26:39","date_gmt":"2024-12-20T13:26:39","guid":{"rendered":"http:\/\/jornaldeitaipava.com.br\/?p=43476"},"modified":"2024-12-20T10:26:52","modified_gmt":"2024-12-20T13:26:52","slug":"vencedores-do-14o-premio-guerra-peixe-sao-homenageados-em-cerimonia-no-palacio-de-cristal","status":"publish","type":"post","link":"https:\/\/jornaldeitaipava.com.br\/index.php\/2024\/12\/20\/vencedores-do-14o-premio-guerra-peixe-sao-homenageados-em-cerimonia-no-palacio-de-cristal\/","title":{"rendered":"Vencedores do 14\u00ba Pr\u00eamio Guerra-Peixe s\u00e3o homenageados em cerim\u00f4nia no Pal\u00e1cio de Cristal"},"content":{"rendered":"\n<p>A Prefeitura, por meio do Instituto Municipal de Cultura (IMC), premiou os vencedores do 14\u00ba Pr\u00eamio Guerra-Peixe de Cultura, o mais importante reconhecimento cultural da cidade e da Regi\u00e3o Serrana. A cerim\u00f4nia de entrega aconteceu na ter\u00e7a-feira (17), no Pal\u00e1cio de Cristal, como parte da programa\u00e7\u00e3o do Natal Imperial.<\/p>\n\n\n\n<p>\u201c\u00c9 com muita alegria que celebramos essas produ\u00e7\u00f5es e obras premiadas. Nossa cidade tem um compromisso com a cultura e, seja por meio dos editais ou das premia\u00e7\u00f5es, \u00e9 essencial que reconhe\u00e7amos esses artistas que enriquecem ainda mais a cultura de Petr\u00f3polis\u201d, destacou o prefeito Rubens Bomtempo.<\/p>\n\n\n\n<p>Os vencedores foram escolhidos em catorze categorias: M\u00fasica Popular, M\u00fasica Erudita, Teatro, Dan\u00e7a, Artes Visuais, Literatura, Audiovisual, Comunica\u00e7\u00e3o, Produ\u00e7\u00e3o Cultural, A\u00e7\u00f5es Perif\u00e9ricas, Categoria Especial, Novos Talentos, Not\u00f3rio Reconhecimento da Obra e Men\u00e7\u00e3o Honrosa.<\/p>\n\n\n\n<p>Os indicados foram escolhidos por uma comiss\u00e3o especial formada por pessoas do poder p\u00fablico e da sociedade civil, todos ligados \u00e0 \u00e1rea cultural e entretenimento. \u201cO Pr\u00eamio Guerra-Peixe j\u00e1 est\u00e1 consolidado como a maior premia\u00e7\u00e3o cultural da nossa cidade e reconhece as melhores realiza\u00e7\u00f5es dos nossos profissionais do setor, gerando visibilidade e incentivo aos seus trabalhos\u201d, disse a secret\u00e1ria de Cultura, Diana Iliescu.<\/p>\n\n\n\n<p>O Pr\u00eamio Maestro Guerra-Peixe \u00e9 promovido pela Prefeitura desde 2009, com o objetivo de homenagear os principais agentes culturais do munic\u00edpio.<\/p>\n\n\n\n<p>Confira os vencedores:<\/p>\n\n\n\n<p>M\u00fasica Popular<br>\u201cAquilo Que C\u00ea Gosta\u201d, de Enoque Muller e Igor Oggy<\/p>\n\n\n\n<p>M\u00fasica Erudita<br>\u201cConcerto Espiritual de Finados &#8211; Stabat Mater\u201d, de Instituto dos Meninos Cantores de Petr\u00f3polis<\/p>\n\n\n\n<p>Teatro<br>\u201cPRETOpolis, o Musical\u201d, de Simone Gon\u00e7alves e Ariel Barbosa<\/p>\n\n\n\n<p>Dan\u00e7a<br>\u201cENTRELA\u00c7ADOS\u201d, coreografia da cerim\u00f4nia de abertura do 21\u00b0 Festival Sesc de Inverno de Let\u00edcia Fran\u00e7a<\/p>\n\n\n\n<p>Artes Visuais<br>\u201cMacumba Pict\u00f3rica\u201d, de Pedro Ivo Cipriano<\/p>\n\n\n\n<p>Literatura<br>&#8220;Seguindo suas pegadas: uma conversa entre pai e filha&#8221;, de Janine Meirelles dos Santos Ramos e Joaquim Eloy Duarte dos Santos<\/p>\n\n\n\n<p>Audiovisual<br>Videoclipe \u201cTrixma &#8211; Friendzone\u201d, de Rafael Const\u00e2ncio, Junior Stutzel, Pablo Reizinger, Lucas Oliveira<\/p>\n\n\n\n<p>Comunica\u00e7\u00e3o<br>\u201cGiro Serra\u201d, por Alessandro Marques<\/p>\n\n\n\n<p>Produ\u00e7\u00e3o Cultural<br>Simone Gon\u00e7alves pela atua\u00e7\u00e3o na \u201c12 Mostra de Teatro de Petr\u00f3polis\u201d, \u201cSarau Poemas Negros\u201d, e \u201cPRETOpolis, O musical\u201d<\/p>\n\n\n\n<p>A\u00e7\u00f5es Perif\u00e9ricas<br>\u201cMutir\u00e3o de Graffiti Sask Vive + A\u00e7\u00e3o social no Morro da Oficina\u201d, de Leandro Sunk, Guilherme Krast<\/p>\n\n\n\n<p>Especial<br>Emygdia Hoelz M. Lyrio pelos 35 anos da Bauernfest<\/p>\n\n\n\n<p>Novos Talentos<br>\u201cPRETOpolis\u201d, Coletivo de Teatro<\/p>\n\n\n\n<p>Not\u00f3rio Reconhecimento da Obra<br>Leonardo Froes<\/p>\n\n\n\n<p>Men\u00e7\u00e3o Honrosa<br>Henriqueta Bortoloti<br>Heloisa Schanuel<br>Jorge Amorim<br>Grupo Taru\u00edra<\/p>\n","protected":false},"excerpt":{"rendered":"<p>A Prefeitura, por meio do Instituto Municipal de Cultura (IMC), premiou os vencedores do 14\u00ba<\/p>\n","protected":false},"author":1,"featured_media":43477,"comment_status":"closed","ping_status":"open","sticky":false,"template":"","format":"standard","meta":{"spay_email":"","footnotes":"","jetpack_publicize_message":""},"categories":[1],"tags":[],"jetpack_featured_media_url":"https:\/\/i2.wp.com\/jornaldeitaipava.com.br\/wp-content\/uploads\/2024\/12\/WhatsApp-Image-2024-12-18-at-17.23.52-1.jpeg?fit=1599%2C1066&ssl=1","jetpack_publicize_connections":[],"jetpack_sharing_enabled":true,"jetpack_likes_enabled":true,"jetpack-related-posts":[],"_links":{"self":[{"href":"https:\/\/jornaldeitaipava.com.br\/index.php\/wp-json\/wp\/v2\/posts\/43476"}],"collection":[{"href":"https:\/\/jornaldeitaipava.com.br\/index.php\/wp-json\/wp\/v2\/posts"}],"about":[{"href":"https:\/\/jornaldeitaipava.com.br\/index.php\/wp-json\/wp\/v2\/types\/post"}],"author":[{"embeddable":true,"href":"https:\/\/jornaldeitaipava.com.br\/index.php\/wp-json\/wp\/v2\/users\/1"}],"replies":[{"embeddable":true,"href":"https:\/\/jornaldeitaipava.com.br\/index.php\/wp-json\/wp\/v2\/comments?post=43476"}],"version-history":[{"count":1,"href":"https:\/\/jornaldeitaipava.com.br\/index.php\/wp-json\/wp\/v2\/posts\/43476\/revisions"}],"predecessor-version":[{"id":43478,"href":"https:\/\/jornaldeitaipava.com.br\/index.php\/wp-json\/wp\/v2\/posts\/43476\/revisions\/43478"}],"wp:featuredmedia":[{"embeddable":true,"href":"https:\/\/jornaldeitaipava.com.br\/index.php\/wp-json\/wp\/v2\/media\/43477"}],"wp:attachment":[{"href":"https:\/\/jornaldeitaipava.com.br\/index.php\/wp-json\/wp\/v2\/media?parent=43476"}],"wp:term":[{"taxonomy":"category","embeddable":true,"href":"https:\/\/jornaldeitaipava.com.br\/index.php\/wp-json\/wp\/v2\/categories?post=43476"},{"taxonomy":"post_tag","embeddable":true,"href":"https:\/\/jornaldeitaipava.com.br\/index.php\/wp-json\/wp\/v2\/tags?post=43476"}],"curies":[{"name":"wp","href":"https:\/\/api.w.org\/{rel}","templated":true}]}}