{"id":43479,"date":"2024-12-20T10:29:55","date_gmt":"2024-12-20T13:29:55","guid":{"rendered":"http:\/\/jornaldeitaipava.com.br\/?p=43479"},"modified":"2024-12-20T10:30:09","modified_gmt":"2024-12-20T13:30:09","slug":"hingo-hammes-participa-de-reuniao-no-ministerio-dos-transportes-para-tratar-sobre-a-licitacao-da-br-040","status":"publish","type":"post","link":"https:\/\/jornaldeitaipava.com.br\/index.php\/2024\/12\/20\/hingo-hammes-participa-de-reuniao-no-ministerio-dos-transportes-para-tratar-sobre-a-licitacao-da-br-040\/","title":{"rendered":"Hingo Hammes participa de reuni\u00e3o no Minist\u00e9rio dos Transportes para tratar sobre a licita\u00e7\u00e3o da BR-040"},"content":{"rendered":"\n<p class=\"has-text-align-center\"><strong>Encontro com ministro dos transportes ocorreu em Bras\u00edlia e foi articulado pelo deputado federal Hugo Leal<\/strong><\/p>\n\n\n\n<p>O prefeito eleito de Petr\u00f3polis, Hingo Hammes, participou nesta quarta-feira (18) de uma reuni\u00e3o no Minist\u00e9rio dos Transportes, em Bras\u00edlia, para tratar sobre o processo de licita\u00e7\u00e3o da BR-040. Articulado pelo deputado federal Hugo Leal, o encontro contou com a presen\u00e7a do ministro dos Transportes, Renan Filho, representantes da Secretaria Nacional de Transportes Terrestres, al\u00e9m do diretor de Rela\u00e7\u00f5es Institucionais da Firjan, M\u00e1rcio Fortes, e o assessor da presid\u00eancia da Fecom\u00e9rcio RJ, Delmo Pinho.<\/p>\n\n\n\n<p>Foram apresentados os pr\u00f3ximos passos para a concess\u00e3o da rodovia, que foi aprovada pelo Tribunal de Contas da Uni\u00e3o (TCU). A Ag\u00eancia Nacional de Transportes Terrestres (ANTT) informou que o edital, em fase final de an\u00e1lise, dever\u00e1 ser publicado at\u00e9 janeiro de 2025. A licita\u00e7\u00e3o est\u00e1 prevista para ser conclu\u00edda no primeiro semestre do pr\u00f3ximo ano, mas as obras, divididas em lotes, come\u00e7ar\u00e3o apenas em 2028. A conclus\u00e3o da nova pista de subida da serra, uma das interven\u00e7\u00f5es mais aguardadas, est\u00e1 prevista para 2030.<\/p>\n\n\n\n<p>Hingo Hammes destacou a import\u00e2ncia da BR-040 como uma via estrat\u00e9gica para a regi\u00e3o serrana e o impacto das melhorias planejadas. \u201cA BR-040 \u00e9 crucial para Petr\u00f3polis e para toda a regi\u00e3o. Ela conecta cidades, facilita o turismo, o com\u00e9rcio e o escoamento de mercadorias. Precisamos garantir que a nova licita\u00e7\u00e3o traga investimentos robustos e que priorizem a seguran\u00e7a, a infraestrutura e a fluidez no tr\u00e1fego, resolvendo gargalos hist\u00f3ricos que afetam milhares de pessoas diariamente.\u201d<\/p>\n\n\n\n<p>J\u00e1 Hugo Leal ressaltou a import\u00e2ncia de um esfor\u00e7o pela publica\u00e7\u00e3o do edital para que todos os projetos da BR-040 se tornem realidade. \u201cO nosso objetivo agora \u00e9 fazer com que o edital saia no per\u00edodo previsto pelo ministro, que \u00e9 abril de 2025. A publica\u00e7\u00e3o do edital \u00e9 a garantia de que estaremos mais pr\u00f3ximos de uma nova BR-040, sem a atual concession\u00e1ria, caminhando para a retomada da nova subida da serra e de todas as outras melhorias que buscamos durante os \u00faltimos anos.\u201d<\/p>\n\n\n\n<p>Aguardar o edital e a nova concess\u00e3o n\u00e3o significa a impossibilidade de a\u00e7\u00f5es necess\u00e1rias, principalmente quando o assunto \u00e9 a seguran\u00e7a dos cidad\u00e3os. Como explicou o prefeito eleito, \u00e9 poss\u00edvel requerer interven\u00e7\u00f5es que sejam consideradas emergenciais no per\u00edodo de transi\u00e7\u00e3o. \u201cEmbora as obras estruturais s\u00f3 comecem em 2028, n\u00e3o podemos esperar at\u00e9 l\u00e1 para atender \u00e0s demandas mais urgentes. A popula\u00e7\u00e3o precisa de solu\u00e7\u00f5es no curto prazo que melhorem as condi\u00e7\u00f5es da rodovia, especialmente na subida da serra.\u201d<\/p>\n\n\n\n<p>O encontro alinhou o trabalho de Hingo Hammes, Hugo Leal, o Governo Federal e o setor privado para buscar avan\u00e7os concretos na moderniza\u00e7\u00e3o da rodovia. A nova concess\u00e3o \u00e9 uma oportunidade de transformar a BR-040 em uma rodovia modelo com efici\u00eancia, seguran\u00e7a e desenvolvimento para toda a regi\u00e3o.<\/p>\n","protected":false},"excerpt":{"rendered":"<p>Encontro com ministro dos transportes ocorreu em Bras\u00edlia e foi articulado pelo deputado federal Hugo<\/p>\n","protected":false},"author":1,"featured_media":43480,"comment_status":"closed","ping_status":"open","sticky":false,"template":"","format":"standard","meta":{"spay_email":"","footnotes":"","jetpack_publicize_message":""},"categories":[24],"tags":[],"jetpack_featured_media_url":"https:\/\/i0.wp.com\/jornaldeitaipava.com.br\/wp-content\/uploads\/2024\/12\/WhatsApp-Image-2024-12-18-at-19.30.13.jpeg?fit=1600%2C1066&ssl=1","jetpack_publicize_connections":[],"jetpack_sharing_enabled":true,"jetpack_likes_enabled":true,"jetpack-related-posts":[],"_links":{"self":[{"href":"https:\/\/jornaldeitaipava.com.br\/index.php\/wp-json\/wp\/v2\/posts\/43479"}],"collection":[{"href":"https:\/\/jornaldeitaipava.com.br\/index.php\/wp-json\/wp\/v2\/posts"}],"about":[{"href":"https:\/\/jornaldeitaipava.com.br\/index.php\/wp-json\/wp\/v2\/types\/post"}],"author":[{"embeddable":true,"href":"https:\/\/jornaldeitaipava.com.br\/index.php\/wp-json\/wp\/v2\/users\/1"}],"replies":[{"embeddable":true,"href":"https:\/\/jornaldeitaipava.com.br\/index.php\/wp-json\/wp\/v2\/comments?post=43479"}],"version-history":[{"count":1,"href":"https:\/\/jornaldeitaipava.com.br\/index.php\/wp-json\/wp\/v2\/posts\/43479\/revisions"}],"predecessor-version":[{"id":43481,"href":"https:\/\/jornaldeitaipava.com.br\/index.php\/wp-json\/wp\/v2\/posts\/43479\/revisions\/43481"}],"wp:featuredmedia":[{"embeddable":true,"href":"https:\/\/jornaldeitaipava.com.br\/index.php\/wp-json\/wp\/v2\/media\/43480"}],"wp:attachment":[{"href":"https:\/\/jornaldeitaipava.com.br\/index.php\/wp-json\/wp\/v2\/media?parent=43479"}],"wp:term":[{"taxonomy":"category","embeddable":true,"href":"https:\/\/jornaldeitaipava.com.br\/index.php\/wp-json\/wp\/v2\/categories?post=43479"},{"taxonomy":"post_tag","embeddable":true,"href":"https:\/\/jornaldeitaipava.com.br\/index.php\/wp-json\/wp\/v2\/tags?post=43479"}],"curies":[{"name":"wp","href":"https:\/\/api.w.org\/{rel}","templated":true}]}}