{"id":43485,"date":"2024-12-20T10:34:55","date_gmt":"2024-12-20T13:34:55","guid":{"rendered":"http:\/\/jornaldeitaipava.com.br\/?p=43485"},"modified":"2024-12-20T10:35:16","modified_gmt":"2024-12-20T13:35:16","slug":"3o-final-de-semana-do-natal-cervejeiro-tera-brindes-brincadeiras-e-interacao-com-as-cervejarias","status":"publish","type":"post","link":"https:\/\/jornaldeitaipava.com.br\/index.php\/2024\/12\/20\/3o-final-de-semana-do-natal-cervejeiro-tera-brindes-brincadeiras-e-interacao-com-as-cervejarias\/","title":{"rendered":"3\u00ba final de semana do Natal Cervejeiro ter\u00e1 Brindes, brincadeiras e intera\u00e7\u00e3o com as cervejarias"},"content":{"rendered":"\n<p class=\"has-text-align-left\">Falta pouco para a data mais esperada do ano: o Natal. E a contagem regressiva ocorre no Natal cervejeiro da Deguste, na Pra\u00e7a da \u00c1guia. O \u00faltimo final de semana especial contar\u00e1 com sete shows, DJ, gastronomia de ponta e, claro, as novidades das cervejarias artesanais.<br>\u201cPara quem ainda n\u00e3o visitou nosso Natal cervejeiro, a hora \u00e9 agora: preparamos um final de semana especial para nos despedirmos de 2024 com muita alegria e ao som de bandas incr\u00edveis. N\u00e3o percam\u201d, afirma o idealizador da Deguste, Rodrigo Duarte.<br>Quem conferiu os dois \u00faltimos finais de semana do Natal Cervejeiro teve a oportunidade de participar das brincadeiras da produ\u00e7\u00e3o. \u201cTodo o nosso agradecimento a esse p\u00fablico que entra no clima e curte com a gente. Nossos parceiros s\u00e3o incr\u00edveis e os visitantes podem esperar muitas intera\u00e7\u00f5es divertidas com as brincadeiras propostas pela equipe\u201d, contou a produtora da Deguste, Gabrielle Rosendo.<br>Todas as novidades podem ser conferidas no Instagram @feiradeguste<\/p>\n\n\n\n<p>Confira a programa\u00e7\u00e3o:<\/p>\n\n\n\n<p>3\u00ba final de semana<br>Sexta- 20\/12<br>20h30 &#8211; Pablo e Bernardo Rock Band<\/p>\n\n\n\n<p>S\u00e1bado &#8211; 21\/12<br>15h &#8211; Rafa Rodrigues<br>18h &#8211; Pedro Ribeiro<br>20h30 &#8211; River Raid<\/p>\n\n\n\n<p>Domingo &#8211; 22\/12<br>14h &#8211; Jonatan Francisco<br>17h &#8211; Tati Cirelli<br>19h30 &#8211; Capital El\u00e9trico<\/p>\n\n\n\n<p>Nos intervalos: DJ Marco Rock<\/p>\n","protected":false},"excerpt":{"rendered":"<p>Falta pouco para a data mais esperada do ano: o Natal. E a contagem regressiva<\/p>\n","protected":false},"author":1,"featured_media":43486,"comment_status":"closed","ping_status":"open","sticky":false,"template":"","format":"standard","meta":{"spay_email":"","footnotes":"","jetpack_publicize_message":""},"categories":[42],"tags":[],"jetpack_featured_media_url":"https:\/\/i0.wp.com\/jornaldeitaipava.com.br\/wp-content\/uploads\/2024\/12\/Reproducao_instagram_deguste17.jpeg?fit=1080%2C993&ssl=1","jetpack_publicize_connections":[],"jetpack_sharing_enabled":true,"jetpack_likes_enabled":true,"jetpack-related-posts":[],"_links":{"self":[{"href":"https:\/\/jornaldeitaipava.com.br\/index.php\/wp-json\/wp\/v2\/posts\/43485"}],"collection":[{"href":"https:\/\/jornaldeitaipava.com.br\/index.php\/wp-json\/wp\/v2\/posts"}],"about":[{"href":"https:\/\/jornaldeitaipava.com.br\/index.php\/wp-json\/wp\/v2\/types\/post"}],"author":[{"embeddable":true,"href":"https:\/\/jornaldeitaipava.com.br\/index.php\/wp-json\/wp\/v2\/users\/1"}],"replies":[{"embeddable":true,"href":"https:\/\/jornaldeitaipava.com.br\/index.php\/wp-json\/wp\/v2\/comments?post=43485"}],"version-history":[{"count":1,"href":"https:\/\/jornaldeitaipava.com.br\/index.php\/wp-json\/wp\/v2\/posts\/43485\/revisions"}],"predecessor-version":[{"id":43487,"href":"https:\/\/jornaldeitaipava.com.br\/index.php\/wp-json\/wp\/v2\/posts\/43485\/revisions\/43487"}],"wp:featuredmedia":[{"embeddable":true,"href":"https:\/\/jornaldeitaipava.com.br\/index.php\/wp-json\/wp\/v2\/media\/43486"}],"wp:attachment":[{"href":"https:\/\/jornaldeitaipava.com.br\/index.php\/wp-json\/wp\/v2\/media?parent=43485"}],"wp:term":[{"taxonomy":"category","embeddable":true,"href":"https:\/\/jornaldeitaipava.com.br\/index.php\/wp-json\/wp\/v2\/categories?post=43485"},{"taxonomy":"post_tag","embeddable":true,"href":"https:\/\/jornaldeitaipava.com.br\/index.php\/wp-json\/wp\/v2\/tags?post=43485"}],"curies":[{"name":"wp","href":"https:\/\/api.w.org\/{rel}","templated":true}]}}