{"id":43491,"date":"2024-12-20T11:49:52","date_gmt":"2024-12-20T14:49:52","guid":{"rendered":"http:\/\/jornaldeitaipava.com.br\/?p=43491"},"modified":"2024-12-20T11:50:09","modified_gmt":"2024-12-20T14:50:09","slug":"saquarema-na-elite-do-turismo-brasileiro","status":"publish","type":"post","link":"https:\/\/jornaldeitaipava.com.br\/index.php\/2024\/12\/20\/saquarema-na-elite-do-turismo-brasileiro\/","title":{"rendered":"Saquarema na elite do Turismo Brasileiro"},"content":{"rendered":"\n<p>O ver\u00e3o come\u00e7a neste s\u00e1bado (21) e j\u00e1 traz a boa not\u00edcia para a Capital Nacional do Surf. Saquarema encerra 2024 com uma conquista hist\u00f3rica: o munic\u00edpio foi elevado \u00e0 Categoria A no Mapa do Turismo Brasileiro, consolidando-se como um dos principais destinos tur\u00edsticos do pa\u00eds. A classifica\u00e7\u00e3o, divulgada pelo Minist\u00e9rio do Turismo, reconhece o esfor\u00e7o coletivo da gest\u00e3o municipal, do setor privado e de institui\u00e7\u00f5es parceiras que trabalham para impulsionar o turismo na regi\u00e3o.<\/p>\n\n\n\n<p>A eleva\u00e7\u00e3o de Saquarema e de outros munic\u00edpios da Costa do Sol reflete o fortalecimento do turismo na regi\u00e3o, que agora conta com seis cidades na Categoria A. No Brasil, apenas 145 munic\u00edpios est\u00e3o nesta categoria entre os 5.570 existentes, destacando Saquarema como um destino estrat\u00e9gico tanto para o turismo nacional quanto internacional.<\/p>\n\n\n\n<p>O avan\u00e7o foi alcan\u00e7ado ap\u00f3s um ano de intenso trabalho. Entre as a\u00e7\u00f5es realizadas, destaca-se o aumento no n\u00famero de empresas cadastradas no CADASTUR, o engajamento de associa\u00e7\u00f5es comerciais e universidades e a colabora\u00e7\u00e3o entre as secretarias de turismo e os Conventions &amp; Visitors Bureaus e, a presen\u00e7a da diretoria de turismo municipal em feiras, f\u00f3runs e eventos, em todo pa\u00eds. Esses esfor\u00e7os foram determinantes para atender aos crit\u00e9rios exigidos pelo Minist\u00e9rio do Turismo e para fortalecer a cadeia produtiva do turismo em Saquarema.<\/p>\n\n\n\n<p>A prefeita Manoela Peres celebrou a conquista: \u201cSaquarema sempre foi um destino reconhecido por suas belezas naturais e seu potencial tur\u00edstico. Essa eleva\u00e7\u00e3o \u00e9 um reflexo do nosso compromisso com o planejamento e a execu\u00e7\u00e3o de pol\u00edticas p\u00fablicas voltadas para o turismo. Estamos prontos para seguir crescendo e atraindo cada vez mais visitantes\u201d.<\/p>\n\n\n\n<p>A classifica\u00e7\u00e3o no Mapa do Turismo Brasileiro leva em conta uma s\u00e9rie de indicadores, como a gera\u00e7\u00e3o de emprego e renda no setor, infraestrutura tur\u00edstica, n\u00famero de visitantes e a organiza\u00e7\u00e3o dos destinos. Com a nova categoriza\u00e7\u00e3o, Saquarema ganha ainda mais visibilidade para receber investimentos e ampliar sua participa\u00e7\u00e3o em programas e projetos do Minist\u00e9rio do Turismo.<\/p>\n","protected":false},"excerpt":{"rendered":"<p>O ver\u00e3o come\u00e7a neste s\u00e1bado (21) e j\u00e1 traz a boa not\u00edcia para a Capital<\/p>\n","protected":false},"author":1,"featured_media":37707,"comment_status":"closed","ping_status":"open","sticky":false,"template":"","format":"standard","meta":{"spay_email":"","footnotes":"","jetpack_publicize_message":""},"categories":[5],"tags":[],"jetpack_featured_media_url":"https:\/\/i1.wp.com\/jornaldeitaipava.com.br\/wp-content\/uploads\/2023\/12\/saqua-3.jpg?fit=1200%2C800&ssl=1","jetpack_publicize_connections":[],"jetpack_sharing_enabled":true,"jetpack_likes_enabled":true,"jetpack-related-posts":[],"_links":{"self":[{"href":"https:\/\/jornaldeitaipava.com.br\/index.php\/wp-json\/wp\/v2\/posts\/43491"}],"collection":[{"href":"https:\/\/jornaldeitaipava.com.br\/index.php\/wp-json\/wp\/v2\/posts"}],"about":[{"href":"https:\/\/jornaldeitaipava.com.br\/index.php\/wp-json\/wp\/v2\/types\/post"}],"author":[{"embeddable":true,"href":"https:\/\/jornaldeitaipava.com.br\/index.php\/wp-json\/wp\/v2\/users\/1"}],"replies":[{"embeddable":true,"href":"https:\/\/jornaldeitaipava.com.br\/index.php\/wp-json\/wp\/v2\/comments?post=43491"}],"version-history":[{"count":1,"href":"https:\/\/jornaldeitaipava.com.br\/index.php\/wp-json\/wp\/v2\/posts\/43491\/revisions"}],"predecessor-version":[{"id":43492,"href":"https:\/\/jornaldeitaipava.com.br\/index.php\/wp-json\/wp\/v2\/posts\/43491\/revisions\/43492"}],"wp:featuredmedia":[{"embeddable":true,"href":"https:\/\/jornaldeitaipava.com.br\/index.php\/wp-json\/wp\/v2\/media\/37707"}],"wp:attachment":[{"href":"https:\/\/jornaldeitaipava.com.br\/index.php\/wp-json\/wp\/v2\/media?parent=43491"}],"wp:term":[{"taxonomy":"category","embeddable":true,"href":"https:\/\/jornaldeitaipava.com.br\/index.php\/wp-json\/wp\/v2\/categories?post=43491"},{"taxonomy":"post_tag","embeddable":true,"href":"https:\/\/jornaldeitaipava.com.br\/index.php\/wp-json\/wp\/v2\/tags?post=43491"}],"curies":[{"name":"wp","href":"https:\/\/api.w.org\/{rel}","templated":true}]}}