{"id":43609,"date":"2025-01-01T16:29:06","date_gmt":"2025-01-01T19:29:06","guid":{"rendered":"http:\/\/jornaldeitaipava.com.br\/?p=43609"},"modified":"2025-01-01T16:29:12","modified_gmt":"2025-01-01T19:29:12","slug":"camara-define-mesa-diretora-para-o-bienio-2025-2026","status":"publish","type":"post","link":"https:\/\/jornaldeitaipava.com.br\/index.php\/2025\/01\/01\/camara-define-mesa-diretora-para-o-bienio-2025-2026\/","title":{"rendered":"C\u00e2mara define Mesa Diretora para o bi\u00eanio 2025-2026"},"content":{"rendered":"\n<p>Logo ap\u00f3s a cerim\u00f4nia de posse, ocorrida na tarde desta quarta-feira (01) na C\u00e2mara Municipal, a casa realizou a elei\u00e7\u00e3o da Mesa Diretora para o bi\u00eanio 2025-2026. Com 14 votos, o vereador Junior Coruja foi reeleito para a presid\u00eancia da Casa. O novo vereador Marquinhos Almeida passa a ocupar a 1\u00aa vice-presid\u00eancia e Octavio Sampaio volta \u00e0 Mesa neste bi\u00eanio como 2\u00ba vice-presidente. O cargo de 1\u00ba secret\u00e1rio passa a ser de Thiago Damaceno e professora L\u00edvia Miranda ser\u00e1 a 2\u00ba secret\u00e1ria.<br>A Mesa tem como papel a dire\u00e7\u00e3o dos trabalhos legislativos e servi\u00e7os administrativos da C\u00e2mara Municipal.<\/p>\n","protected":false},"excerpt":{"rendered":"<p>Logo ap\u00f3s a cerim\u00f4nia de posse, ocorrida na tarde desta quarta-feira (01) na C\u00e2mara Municipal,<\/p>\n","protected":false},"author":1,"featured_media":43610,"comment_status":"closed","ping_status":"open","sticky":false,"template":"","format":"standard","meta":{"spay_email":"","footnotes":"","jetpack_publicize_message":""},"categories":[24],"tags":[],"jetpack_featured_media_url":"https:\/\/i1.wp.com\/jornaldeitaipava.com.br\/wp-content\/uploads\/2025\/01\/WhatsApp-Image-2025-01-01-at-15.57.06.jpeg?fit=1600%2C953&ssl=1","jetpack_publicize_connections":[],"jetpack_sharing_enabled":true,"jetpack_likes_enabled":true,"jetpack-related-posts":[],"_links":{"self":[{"href":"https:\/\/jornaldeitaipava.com.br\/index.php\/wp-json\/wp\/v2\/posts\/43609"}],"collection":[{"href":"https:\/\/jornaldeitaipava.com.br\/index.php\/wp-json\/wp\/v2\/posts"}],"about":[{"href":"https:\/\/jornaldeitaipava.com.br\/index.php\/wp-json\/wp\/v2\/types\/post"}],"author":[{"embeddable":true,"href":"https:\/\/jornaldeitaipava.com.br\/index.php\/wp-json\/wp\/v2\/users\/1"}],"replies":[{"embeddable":true,"href":"https:\/\/jornaldeitaipava.com.br\/index.php\/wp-json\/wp\/v2\/comments?post=43609"}],"version-history":[{"count":1,"href":"https:\/\/jornaldeitaipava.com.br\/index.php\/wp-json\/wp\/v2\/posts\/43609\/revisions"}],"predecessor-version":[{"id":43611,"href":"https:\/\/jornaldeitaipava.com.br\/index.php\/wp-json\/wp\/v2\/posts\/43609\/revisions\/43611"}],"wp:featuredmedia":[{"embeddable":true,"href":"https:\/\/jornaldeitaipava.com.br\/index.php\/wp-json\/wp\/v2\/media\/43610"}],"wp:attachment":[{"href":"https:\/\/jornaldeitaipava.com.br\/index.php\/wp-json\/wp\/v2\/media?parent=43609"}],"wp:term":[{"taxonomy":"category","embeddable":true,"href":"https:\/\/jornaldeitaipava.com.br\/index.php\/wp-json\/wp\/v2\/categories?post=43609"},{"taxonomy":"post_tag","embeddable":true,"href":"https:\/\/jornaldeitaipava.com.br\/index.php\/wp-json\/wp\/v2\/tags?post=43609"}],"curies":[{"name":"wp","href":"https:\/\/api.w.org\/{rel}","templated":true}]}}