{"id":43734,"date":"2025-01-13T12:53:07","date_gmt":"2025-01-13T15:53:07","guid":{"rendered":"http:\/\/jornaldeitaipava.com.br\/?p=43734"},"modified":"2025-01-13T12:53:11","modified_gmt":"2025-01-13T15:53:11","slug":"governo-municipal-promove-acao-de-humanizacao-com-pessoas-em-situacao-de-rua-no-centro-da-cidade","status":"publish","type":"post","link":"https:\/\/jornaldeitaipava.com.br\/index.php\/2025\/01\/13\/governo-municipal-promove-acao-de-humanizacao-com-pessoas-em-situacao-de-rua-no-centro-da-cidade\/","title":{"rendered":"Governo municipal promove a\u00e7\u00e3o de humaniza\u00e7\u00e3o com pessoas em situa\u00e7\u00e3o de rua no centro da cidade"},"content":{"rendered":"\n<p>Na noite de quinta-feira (09.01), o prefeito Hingo Hammes, acompanhado pela secret\u00e1ria de Assist\u00eancia Social, Adriana Kreischer, percorreu as ruas do centro da cidade em uma a\u00e7\u00e3o voltada para abordar e mapear moradores em situa\u00e7\u00e3o de rua. A iniciativa, que contou com o envolvimento de 11 profissionais, incluindo assistentes sociais, psic\u00f3logos e servidores da sa\u00fade, faz parte de um esfor\u00e7o do governo municipal para compreender as principais necessidades dessas pessoas e aprimorar as pol\u00edticas de acolhimento.<\/p>\n\n\n\n<p>O prefeito destacou a import\u00e2ncia da iniciativa como parte de uma pol\u00edtica permanente de humaniza\u00e7\u00e3o no atendimento \u00e0s pessoas em situa\u00e7\u00e3o de rua.<\/p>\n\n\n\n<p>\u201cEssa a\u00e7\u00e3o \u00e9 uma forma de nos aproximarmos da realidade dessas pessoas em vulnerabilidade social, saber o que mais precisam e refor\u00e7ar que o governo municipal possui. Nosso compromisso \u00e9 trabalhar para melhorar os equipamentos de acolhimento e garantir um atendimento cada vez mais eficaz. Esta ser\u00e1 uma iniciativa constante da nossa gest\u00e3o\u201d, afirmou o prefeito.<\/p>\n\n\n\n<p>Foi feito um levantamento sobre o perfil dos moradores em situa\u00e7\u00e3o de rua, identificar demandas espec\u00edficas e encaminh\u00e1-los para os servi\u00e7os j\u00e1 oferecidos pelo munic\u00edpio, como o N\u00facleo de Integra\u00e7\u00e3o Social (NIS) e o Centro Pop. De acordo como dados da Assist\u00eancia Social, o NIS acolhe temporariamente entre 60 e 70 pessoas, enquanto o Centro Pop atende cerca de 80 pessoas por dia, oferecendo encaminhamentos para servi\u00e7os de sa\u00fade, refei\u00e7\u00f5es, banhos e outros aux\u00edlios.<\/p>\n\n\n\n<p>Al\u00e9m disso, a secret\u00e1ria de Assist\u00eancia Social, Adriana Kreischer, refor\u00e7ou que a integra\u00e7\u00e3o entre as \u00e1reas de assist\u00eancia social e sa\u00fade \u00e9 essencial para ampliar o alcance das a\u00e7\u00f5es e garantir um atendimento eficaz e acolhedor.<\/p>\n\n\n\n<p>\u201cA busca ativa nas ruas \u00e9 uma ferramenta que permite identificar quem est\u00e1 fora da rede de prote\u00e7\u00e3o e garantir que todos tenham acesso aos servi\u00e7os necess\u00e1rios\u201d, disse.<\/p>\n\n\n\n<p>O grupo foi dividido em duas equipes para percorrer diferentes pontos do centro da cidade, garantindo um mapeamento mais amplo. Atualmente, cerca de 200 pessoas recebem algum tipo de atendimento nos servi\u00e7os municipais.<\/p>\n\n\n\n<p>A a\u00e7\u00e3o foi o primeiro passo de uma s\u00e9rie de iniciativas planejadas para aprimorar o atendimento e acolhimento no munic\u00edpio. A expectativa \u00e9 que novas abordagens sejam realizadas regularmente, fortalecendo a pol\u00edtica municipal de apoio \u00e0s pessoas em situa\u00e7\u00e3o de vulnerabilidade social.<\/p>\n","protected":false},"excerpt":{"rendered":"<p>Na noite de quinta-feira (09.01), o prefeito Hingo Hammes, acompanhado pela secret\u00e1ria de Assist\u00eancia Social,<\/p>\n","protected":false},"author":1,"featured_media":43735,"comment_status":"closed","ping_status":"open","sticky":false,"template":"","format":"standard","meta":{"spay_email":"","footnotes":"","jetpack_publicize_message":""},"categories":[2],"tags":[],"jetpack_featured_media_url":"https:\/\/i0.wp.com\/jornaldeitaipava.com.br\/wp-content\/uploads\/2025\/01\/WhatsApp-Image-2025-01-10-at-14.21.11.jpeg?fit=1280%2C854&ssl=1","jetpack_publicize_connections":[],"jetpack_sharing_enabled":true,"jetpack_likes_enabled":true,"jetpack-related-posts":[],"_links":{"self":[{"href":"https:\/\/jornaldeitaipava.com.br\/index.php\/wp-json\/wp\/v2\/posts\/43734"}],"collection":[{"href":"https:\/\/jornaldeitaipava.com.br\/index.php\/wp-json\/wp\/v2\/posts"}],"about":[{"href":"https:\/\/jornaldeitaipava.com.br\/index.php\/wp-json\/wp\/v2\/types\/post"}],"author":[{"embeddable":true,"href":"https:\/\/jornaldeitaipava.com.br\/index.php\/wp-json\/wp\/v2\/users\/1"}],"replies":[{"embeddable":true,"href":"https:\/\/jornaldeitaipava.com.br\/index.php\/wp-json\/wp\/v2\/comments?post=43734"}],"version-history":[{"count":1,"href":"https:\/\/jornaldeitaipava.com.br\/index.php\/wp-json\/wp\/v2\/posts\/43734\/revisions"}],"predecessor-version":[{"id":43736,"href":"https:\/\/jornaldeitaipava.com.br\/index.php\/wp-json\/wp\/v2\/posts\/43734\/revisions\/43736"}],"wp:featuredmedia":[{"embeddable":true,"href":"https:\/\/jornaldeitaipava.com.br\/index.php\/wp-json\/wp\/v2\/media\/43735"}],"wp:attachment":[{"href":"https:\/\/jornaldeitaipava.com.br\/index.php\/wp-json\/wp\/v2\/media?parent=43734"}],"wp:term":[{"taxonomy":"category","embeddable":true,"href":"https:\/\/jornaldeitaipava.com.br\/index.php\/wp-json\/wp\/v2\/categories?post=43734"},{"taxonomy":"post_tag","embeddable":true,"href":"https:\/\/jornaldeitaipava.com.br\/index.php\/wp-json\/wp\/v2\/tags?post=43734"}],"curies":[{"name":"wp","href":"https:\/\/api.w.org\/{rel}","templated":true}]}}