{"id":43739,"date":"2025-01-13T12:59:10","date_gmt":"2025-01-13T15:59:10","guid":{"rendered":"http:\/\/jornaldeitaipava.com.br\/?p=43739"},"modified":"2025-01-13T12:59:15","modified_gmt":"2025-01-13T15:59:15","slug":"balcao-de-empregos-da-prefeitura-oferece-mais-56-vagas-para-esta-semana","status":"publish","type":"post","link":"https:\/\/jornaldeitaipava.com.br\/index.php\/2025\/01\/13\/balcao-de-empregos-da-prefeitura-oferece-mais-56-vagas-para-esta-semana\/","title":{"rendered":"Balc\u00e3o de Empregos da Prefeitura oferece mais 56 vagas para esta semana"},"content":{"rendered":"\n<p>A Prefeitura de Petr\u00f3polis est\u00e1 oferecendo, em seu Balc\u00e3o de Empregos, mais 56 oportunidades de trabalho em empresas do munic\u00edpio. Para participar dos processos de sele\u00e7\u00e3o, os candidatos devem fazer o cadastramento de seus curr\u00edculos no site da Prefeitura (<a href=\"https:\/\/www.petropolis.rj.gov.br\" target=\"_blank\" rel=\"noreferrer noopener\">https:\/\/www.petropolis.rj.gov.br<\/a>) entre segunda-feira (13) a sexta-feira (17).<br>S\u00e3o mais de 20 oportunidades de primeiro emprego, em vagas para: Armador de Estruturas de Concreto Armado, Auxiliar de limpeza, Auxiliar de Servi\u00e7os Gerais, Embalador, Estofador de M\u00f3veis, Pedreiro e Servente de Obras.<br>O Balc\u00e3o desta semana, tamb\u00e9m conta com nove vagas destinadas a Pessoas com Defici\u00eancia, entre os cargos de: Auxiliar Administrativo, Auxiliar de Limpeza, Lavador de Ve\u00edculos e Limpador.<\/p>\n\n\n\n<p>Veja todas as oportunidades desta semana:<\/p>\n\n\n\n<p>Armador de Estruturas de Concreto Armado &#8211; Ensino Fundamental &#8211; 1 vaga<\/p>\n\n\n\n<p>Atendente &#8211; Ensino M\u00e9dio \/ Experi\u00eancia na fun\u00e7\u00e3o &#8211; 1 vaga<\/p>\n\n\n\n<p>Auxiliar de Limpeza &#8211; Ensino fundamental &#8211; 15 vagas<\/p>\n\n\n\n<p>Auxiliar de Limpeza &#8211; Ensino Fundamental \/ Experi\u00eancia na fun\u00e7\u00e3o &#8211; 2 vagas<\/p>\n\n\n\n<p>Auxiliar de Servi\u00e7os Gerais &#8211; Ensino Fundamental \/ Experi\u00eancia na fun\u00e7\u00e3o &#8211; 1 vaga<\/p>\n\n\n\n<p>Auxiliar de Servi\u00e7os Gerais &#8211; Ensino Fundamental &#8211; 1 vaga<\/p>\n\n\n\n<p>Cortador \u00e0 Tesoura &#8211; Ensino M\u00e9dio \/ Experi\u00eancia na fun\u00e7\u00e3o &#8211; 1 vaga<\/p>\n\n\n\n<p>Costureira Retista &#8211; Ensino M\u00e9dio \/ Experi\u00eancia de 2 anos na fun\u00e7\u00e3o &#8211; 2 vagas<\/p>\n\n\n\n<p>Embalador &#8211; Ensino M\u00e9dio &#8211; 1 vaga<\/p>\n\n\n\n<p>Estofador de M\u00f3veis &#8211; Ensino M\u00e9dio &#8211; 2 vagas<\/p>\n\n\n\n<p>Limpador &#8211; Ensino Fundamental \/ Experi\u00eancia de 1 ano na Fun\u00e7\u00e3o &#8211; 4 vagas<\/p>\n\n\n\n<p>Marceneiro &#8211; Ensino M\u00e9dio \/ Experi\u00eancia na fun\u00e7\u00e3o &#8211; 2 vagas<\/p>\n\n\n\n<p>Operador de M\u00e1quina de Usinagem Madeira &#8211; Ensino M\u00e9dio \/ Experi\u00eancia na fun\u00e7\u00e3o &#8211; 2 vagas<\/p>\n\n\n\n<p>Pedreiro &#8211; Ensino Fundamental &#8211; 5 vagas<\/p>\n\n\n\n<p>Pintor &#8211; Ensino Fundamental\/ Curso espec\u00edfico na \u00e1rea\/ Experi\u00eancia na fun\u00e7\u00e3o &#8211; 3 vagas<\/p>\n\n\n\n<p>Serralheiro &#8211; Ensino Fundamental \/ Cursos espec\u00edficos na \u00e1rea \/ Experi\u00eancia de 2 anos na fun\u00e7\u00e3o &#8211; 1 vaga<\/p>\n\n\n\n<p>Servente de Obras &#8211; Ensino Fundamental &#8211; 2 vagas<\/p>\n\n\n\n<p>Supervisor de Marcenaria &#8211; Experi\u00eancia na fun\u00e7\u00e3o &#8211; 1 vaga<\/p>\n\n\n\n<p>Auxiliar administrativo (Pessoa com Defici\u00eancia) &#8211; Ensino Fundamental\/ Possuir laudo que comprove defici\u00eancia que permita a realiza\u00e7\u00e3o das atividades com seguran\u00e7a &#8211; 2 vagas<\/p>\n\n\n\n<p>Auxiliar de Limpeza (Pessoa com Defici\u00eancia) &#8211; Ensino Fundamental\/ Possuir laudo que comprove defici\u00eancia que permita a realiza\u00e7\u00e3o das atividades com seguran\u00e7a &#8211; 2 vagas<\/p>\n\n\n\n<p>Lavador de ve\u00edculos (Pessoa com Defici\u00eancia) &#8211; Ensino Fundamental\/ Possuir laudo que comprove defici\u00eancia que permita a realiza\u00e7\u00e3o das atividades com seguran\u00e7a &#8211; 1 vaga<\/p>\n\n\n\n<p>Limpador (Pessoa com Defici\u00eancia) &#8211; Ensino Fundamental \/ Possuir laudo que comprove defici\u00eancia que permita a realiza\u00e7\u00e3o das atividades com seguran\u00e7a &#8211; 4 vagas<\/p>\n","protected":false},"excerpt":{"rendered":"<p>A Prefeitura de Petr\u00f3polis est\u00e1 oferecendo, em seu Balc\u00e3o de Empregos, mais 56 oportunidades de<\/p>\n","protected":false},"author":1,"featured_media":17482,"comment_status":"closed","ping_status":"open","sticky":false,"template":"","format":"standard","meta":{"spay_email":"","footnotes":"","jetpack_publicize_message":""},"categories":[24],"tags":[],"jetpack_featured_media_url":"https:\/\/i2.wp.com\/jornaldeitaipava.com.br\/wp-content\/uploads\/2021\/07\/carteira-trab.png?fit=702%2C434&ssl=1","jetpack_publicize_connections":[],"jetpack_sharing_enabled":true,"jetpack_likes_enabled":true,"jetpack-related-posts":[],"_links":{"self":[{"href":"https:\/\/jornaldeitaipava.com.br\/index.php\/wp-json\/wp\/v2\/posts\/43739"}],"collection":[{"href":"https:\/\/jornaldeitaipava.com.br\/index.php\/wp-json\/wp\/v2\/posts"}],"about":[{"href":"https:\/\/jornaldeitaipava.com.br\/index.php\/wp-json\/wp\/v2\/types\/post"}],"author":[{"embeddable":true,"href":"https:\/\/jornaldeitaipava.com.br\/index.php\/wp-json\/wp\/v2\/users\/1"}],"replies":[{"embeddable":true,"href":"https:\/\/jornaldeitaipava.com.br\/index.php\/wp-json\/wp\/v2\/comments?post=43739"}],"version-history":[{"count":1,"href":"https:\/\/jornaldeitaipava.com.br\/index.php\/wp-json\/wp\/v2\/posts\/43739\/revisions"}],"predecessor-version":[{"id":43740,"href":"https:\/\/jornaldeitaipava.com.br\/index.php\/wp-json\/wp\/v2\/posts\/43739\/revisions\/43740"}],"wp:featuredmedia":[{"embeddable":true,"href":"https:\/\/jornaldeitaipava.com.br\/index.php\/wp-json\/wp\/v2\/media\/17482"}],"wp:attachment":[{"href":"https:\/\/jornaldeitaipava.com.br\/index.php\/wp-json\/wp\/v2\/media?parent=43739"}],"wp:term":[{"taxonomy":"category","embeddable":true,"href":"https:\/\/jornaldeitaipava.com.br\/index.php\/wp-json\/wp\/v2\/categories?post=43739"},{"taxonomy":"post_tag","embeddable":true,"href":"https:\/\/jornaldeitaipava.com.br\/index.php\/wp-json\/wp\/v2\/tags?post=43739"}],"curies":[{"name":"wp","href":"https:\/\/api.w.org\/{rel}","templated":true}]}}