{"id":43897,"date":"2025-01-21T12:14:43","date_gmt":"2025-01-21T15:14:43","guid":{"rendered":"http:\/\/jornaldeitaipava.com.br\/?p=43897"},"modified":"2025-01-21T12:14:49","modified_gmt":"2025-01-21T15:14:49","slug":"familia-pede-justica-de-idosos-atropelados-e-mortos-em-itaipava-pedem-justica","status":"publish","type":"post","link":"https:\/\/jornaldeitaipava.com.br\/index.php\/2025\/01\/21\/familia-pede-justica-de-idosos-atropelados-e-mortos-em-itaipava-pedem-justica\/","title":{"rendered":"Fam\u00edlia pede justi\u00e7a de idosos  atropelados e mortos em Itaipava pedem justi\u00e7a"},"content":{"rendered":"\n<p>O homem acusado pelo atropelamento que provocou a morte de um casal de idosos na \u00faltima sexta-feira (17), em Itaipava, teve a pris\u00e3o em flagrante convertida em pris\u00e3o preventiva pela ju\u00edza Priscilla Macuco Ferreira durante audi\u00eancia de cust\u00f3dia realizada na tarde dessa segunda-feira (20). O Minist\u00e9rio P\u00fablico mudou a acusa\u00e7\u00e3o contra Gilcemar Martins de Souza, que tem 57 anos. Ele havia sido preso por homic\u00eddio culposo, mas com a decis\u00e3o, responder\u00e1 por duplo homic\u00eddio com dolo eventual (quando o acusado assume o risco de cometer o crime) e ainda por uma tentativa de homic\u00eddio contra uma das testemunhas que o seguiu ap\u00f3s o atropelamento, e por resist\u00eancia.<br>O atropelamento aconteceu na \u00faltima sexta-feira (17), por volta de 19h30. Justiniano Paulo de Carvalho, de 77 anos, e Airdes Maria Pinto, de 63 anos, estavam em Petr\u00f3polis \u00e0 passeio, mas foram atingidos quando atravessavam a rua ap\u00f3s sair de um restaurante. Eles haviam jantado pr\u00f3ximo ao hotel onde estavam hospedados desde o dia 14 e foram atingidos enquanto cruzavam a Estrada Uni\u00e3o e Ind\u00fastria, na altura do n\u00ba 10.215.<\/p>\n\n\n\n<p><strong>Fam\u00edlia pede justi\u00e7a<br><\/strong>A fam\u00edlia dos idosos v\u00edtimas do atropelamento enviaram nota \u00e0 imprensa pedindo justi\u00e7a. Confira a nota na \u00edntegra?<br><em>&#8220;Motorista de ve\u00edculo que trafegava em alta velocidade, numa via p\u00fablica restrita, que n\u00e3o possibilitava trafegar deste modo, com sinais de embriaguez, causa um evento danoso, tirando a vida de duas pessoas idosas que estavam na cal\u00e7ada na noite de sexta-feira, na Estrada Uni\u00e3o Ind\u00fastria, n\u00famero 10.126, em frente ao Kastel Itaipava Hotel, onde estavam hospedados.<br>A fam\u00edlia exige que o evento deve ser considerado como grav\u00edssimo e n\u00e3o acidente, conforme consta no Relat\u00f3rio de Ocorr\u00eancia da 106 DP. que qualificou como homicidio culposo e n\u00e3o registrou que o suspeito estava alcoolizado, se recusou a fazer teste de bar\u00f4metro, e ainda tentou fugir, mas foi alcan\u00e7ado por motoqueiros no local. H\u00e1 testemunhas no local que assistiram a tudo&#8221;.<\/em><\/p>\n","protected":false},"excerpt":{"rendered":"<p>O homem acusado pelo atropelamento que provocou a morte de um casal de idosos na<\/p>\n","protected":false},"author":1,"featured_media":43898,"comment_status":"closed","ping_status":"open","sticky":false,"template":"","format":"standard","meta":{"spay_email":"","footnotes":"","jetpack_publicize_message":""},"categories":[2],"tags":[],"jetpack_featured_media_url":"https:\/\/i1.wp.com\/jornaldeitaipava.com.br\/wp-content\/uploads\/2025\/01\/kastel.jpg?fit=766%2C370&ssl=1","jetpack_publicize_connections":[],"jetpack_sharing_enabled":true,"jetpack_likes_enabled":true,"jetpack-related-posts":[],"_links":{"self":[{"href":"https:\/\/jornaldeitaipava.com.br\/index.php\/wp-json\/wp\/v2\/posts\/43897"}],"collection":[{"href":"https:\/\/jornaldeitaipava.com.br\/index.php\/wp-json\/wp\/v2\/posts"}],"about":[{"href":"https:\/\/jornaldeitaipava.com.br\/index.php\/wp-json\/wp\/v2\/types\/post"}],"author":[{"embeddable":true,"href":"https:\/\/jornaldeitaipava.com.br\/index.php\/wp-json\/wp\/v2\/users\/1"}],"replies":[{"embeddable":true,"href":"https:\/\/jornaldeitaipava.com.br\/index.php\/wp-json\/wp\/v2\/comments?post=43897"}],"version-history":[{"count":1,"href":"https:\/\/jornaldeitaipava.com.br\/index.php\/wp-json\/wp\/v2\/posts\/43897\/revisions"}],"predecessor-version":[{"id":43899,"href":"https:\/\/jornaldeitaipava.com.br\/index.php\/wp-json\/wp\/v2\/posts\/43897\/revisions\/43899"}],"wp:featuredmedia":[{"embeddable":true,"href":"https:\/\/jornaldeitaipava.com.br\/index.php\/wp-json\/wp\/v2\/media\/43898"}],"wp:attachment":[{"href":"https:\/\/jornaldeitaipava.com.br\/index.php\/wp-json\/wp\/v2\/media?parent=43897"}],"wp:term":[{"taxonomy":"category","embeddable":true,"href":"https:\/\/jornaldeitaipava.com.br\/index.php\/wp-json\/wp\/v2\/categories?post=43897"},{"taxonomy":"post_tag","embeddable":true,"href":"https:\/\/jornaldeitaipava.com.br\/index.php\/wp-json\/wp\/v2\/tags?post=43897"}],"curies":[{"name":"wp","href":"https:\/\/api.w.org\/{rel}","templated":true}]}}