{"id":43981,"date":"2025-01-25T14:03:27","date_gmt":"2025-01-25T17:03:27","guid":{"rendered":"http:\/\/jornaldeitaipava.com.br\/?p=43981"},"modified":"2025-01-25T14:03:33","modified_gmt":"2025-01-25T17:03:33","slug":"exposicao-maes-extraordinarias-sera-aberta-neste-sabado-no-centro-de-cultura-raul-de-leoni","status":"publish","type":"post","link":"https:\/\/jornaldeitaipava.com.br\/index.php\/2025\/01\/25\/exposicao-maes-extraordinarias-sera-aberta-neste-sabado-no-centro-de-cultura-raul-de-leoni\/","title":{"rendered":"Exposi\u00e7\u00e3o \u201cM\u00e3es Extraordin\u00e1rias\u201d ser\u00e1 aberta neste s\u00e1bado no Centro de Cultura Raul de Leoni"},"content":{"rendered":"\n<p>O Centro de Cultura Raul de Leoni abrir\u00e1 suas portas neste s\u00e1bado (25), \u00e0s 13h, para a exposi\u00e7\u00e3o \u201cM\u00e3es Extraordin\u00e1rias\u201d, um evento gratuito que convida o p\u00fablico a refletir sobre as diversas realidades da maternidade. Idealizado por Bel Acosta, o projeto de artes visuais combina fotografia e performance para entrela\u00e7ar a hist\u00f3ria pessoal da autora com as viv\u00eancias de outras oito m\u00e3es de Petr\u00f3polis.<br>A mostra oferece um olhar profundo e sens\u00edvel sobre os desafios e experi\u00eancias da maternidade, propondo uma reflex\u00e3o coletiva sobre g\u00eanero, apoio \u00e0s fam\u00edlias e o papel das m\u00e3es na sociedade. As hist\u00f3rias retratadas incluem m\u00e3es que enfrentam a cria\u00e7\u00e3o de filhos com paralisia cerebral, autismo severo, desafios com filhos transexuais e casos de viol\u00eancia dom\u00e9stica, como tentativa de feminic\u00eddio.<\/p>\n\n\n\n<p>\u201cA abertura da exposi\u00e7\u00e3o representa um momento especial para darmos visibilidade \u00e0s m\u00faltiplas faces da maternidade, sem romantiza\u00e7\u00e3o. \u00c9 uma oportunidade de provocar reflex\u00f5es e di\u00e1logos que ajudam a transformar realidades,\u201d afirma Bel Acosta.<\/p>\n\n\n\n<p>Para o curador da exposi\u00e7\u00e3o, Marcelo Lago, a obra conduz o p\u00fablico a uma imers\u00e3o profunda no universo dessas m\u00e3es n\u00e3o normativas, de maneira tocante e contundente. \u201c\u00c9 um imenso prazer ter tido a oportunidade de participar deste projeto, que me permite colaborar na visibiliza\u00e7\u00e3o de um tema de grande relev\u00e2ncia: a posi\u00e7\u00e3o da mulher em uma sociedade machista, onde seus direitos fundamentais s\u00e3o desrespeitados e seu papel, como m\u00e3e e pilar da fam\u00edlia, muitas vezes \u00e9 minimizado\u201d, diz.<\/p>\n\n\n\n<p>De acordo com ele, poder usar o espa\u00e7o expositivo como um protagonista, ocupando sua totalidade e transformando suas caracter\u00edsticas em recursos art\u00edsticos, tem sido um desafio inspirador. \u201cExplorar as paredes envidra\u00e7adas para criar&nbsp;paineis&nbsp;iluminados pela luz natural foi uma solu\u00e7\u00e3o que dialogou com o ambiente e tamb\u00e9m intensificou a for\u00e7a po\u00e9tica da instala\u00e7\u00e3o. O projeto, por si s\u00f3, j\u00e1 seria significativo, mas abord\u00e1-lo de forma po\u00e9tica e visualmente impactante, por meio da instala\u00e7\u00e3o idealizada por Bel Acosta \u2013 uma fot\u00f3grafa sens\u00edvel e competente \u2013 eleva ainda mais sua import\u00e2ncia\u201d, acrescentou.<\/p>\n\n\n\n<p><strong>Atividades complementares<\/strong><\/p>\n\n\n\n<p>Al\u00e9m das fotografias, o projeto M\u00e3es Extraordin\u00e1rias inclui atividades complementares, como rodas de conversa, oficinas de artes e fotografia. Nos dias 22 e 23 de fevereiro, o p\u00fablico poder\u00e1 conferir o filme-document\u00e1rio que integra a iniciativa, al\u00e9m de uma programa\u00e7\u00e3o especial de encerramento.<br><br>O projeto M\u00e3es Extraordin\u00e1rias \u00e9 realizado pela Prefeitura de Petr\u00f3polis e o Fundo Municipal de Cultura, por meio da Lei Paulo Gustavo promovida pelo Minist\u00e9rio da Cultura do Governo Federal.<\/p>\n\n\n\n<p><strong>Servi\u00e7o:<\/strong><br>Exposi\u00e7\u00e3o \u201cM\u00e3es Extraordin\u00e1rias\u201d<br>Abertura: 25 de janeiro de 2025<br>Per\u00edodo: 25 de janeiro a 23 de fevereiro de 2025<br>Local: Centro de Cultura Raul de Leoni \u2013 Pra\u00e7a Visconde de Mau\u00e1, 305, Centro, Petr\u00f3polis<br>Encerramento com programa\u00e7\u00e3o especial: 22 e 23 de fevereiro<br>Entrada: Gratuita<\/p>\n","protected":false},"excerpt":{"rendered":"<p>O Centro de Cultura Raul de Leoni abrir\u00e1 suas portas neste s\u00e1bado (25), \u00e0s 13h,<\/p>\n","protected":false},"author":1,"featured_media":43982,"comment_status":"closed","ping_status":"open","sticky":false,"template":"","format":"standard","meta":{"spay_email":"","footnotes":"","jetpack_publicize_message":""},"categories":[1],"tags":[],"jetpack_featured_media_url":"https:\/\/i0.wp.com\/jornaldeitaipava.com.br\/wp-content\/uploads\/2025\/01\/Exposicao-Maes-Extraordinarias_Foto-Bel-Acosta.jpeg?fit=1506%2C1004&ssl=1","jetpack_publicize_connections":[],"jetpack_sharing_enabled":true,"jetpack_likes_enabled":true,"jetpack-related-posts":[],"_links":{"self":[{"href":"https:\/\/jornaldeitaipava.com.br\/index.php\/wp-json\/wp\/v2\/posts\/43981"}],"collection":[{"href":"https:\/\/jornaldeitaipava.com.br\/index.php\/wp-json\/wp\/v2\/posts"}],"about":[{"href":"https:\/\/jornaldeitaipava.com.br\/index.php\/wp-json\/wp\/v2\/types\/post"}],"author":[{"embeddable":true,"href":"https:\/\/jornaldeitaipava.com.br\/index.php\/wp-json\/wp\/v2\/users\/1"}],"replies":[{"embeddable":true,"href":"https:\/\/jornaldeitaipava.com.br\/index.php\/wp-json\/wp\/v2\/comments?post=43981"}],"version-history":[{"count":1,"href":"https:\/\/jornaldeitaipava.com.br\/index.php\/wp-json\/wp\/v2\/posts\/43981\/revisions"}],"predecessor-version":[{"id":43983,"href":"https:\/\/jornaldeitaipava.com.br\/index.php\/wp-json\/wp\/v2\/posts\/43981\/revisions\/43983"}],"wp:featuredmedia":[{"embeddable":true,"href":"https:\/\/jornaldeitaipava.com.br\/index.php\/wp-json\/wp\/v2\/media\/43982"}],"wp:attachment":[{"href":"https:\/\/jornaldeitaipava.com.br\/index.php\/wp-json\/wp\/v2\/media?parent=43981"}],"wp:term":[{"taxonomy":"category","embeddable":true,"href":"https:\/\/jornaldeitaipava.com.br\/index.php\/wp-json\/wp\/v2\/categories?post=43981"},{"taxonomy":"post_tag","embeddable":true,"href":"https:\/\/jornaldeitaipava.com.br\/index.php\/wp-json\/wp\/v2\/tags?post=43981"}],"curies":[{"name":"wp","href":"https:\/\/api.w.org\/{rel}","templated":true}]}}