{"id":45340,"date":"2025-04-16T11:52:37","date_gmt":"2025-04-16T14:52:37","guid":{"rendered":"http:\/\/jornaldeitaipava.com.br\/?p=45340"},"modified":"2025-04-16T11:52:38","modified_gmt":"2025-04-16T14:52:38","slug":"a-importancia-do-acompanhamento-psicologico-na-educacao","status":"publish","type":"post","link":"https:\/\/jornaldeitaipava.com.br\/index.php\/2025\/04\/16\/a-importancia-do-acompanhamento-psicologico-na-educacao\/","title":{"rendered":"A import\u00e2ncia do acompanhamento psicol\u00f3gico na educa\u00e7\u00e3o"},"content":{"rendered":"\n<p>Na \u00faltima sexta-feira, 11 de abril, o Laborat\u00f3rio Nacional de Computa\u00e7\u00e3o Cient\u00edfica (LNCC\/MCTI) sediou um encontro especial do projeto&nbsp;<em>Meninas STEM Petr\u00f3polis Tec Hub<\/em>, reunindo representantes institucionais, estudantes bolsistas e suas fam\u00edlias para d<strong>iscutir a import\u00e2ncia do acompanhamento psicol\u00f3gico no processo educacional e no desenvolvimento pessoal das alunas participantes<\/strong>.<\/p>\n\n\n\n<p>O evento contou com a presen\u00e7a da coordenadora do projeto, pesquisadora Regina Almeida, da psic\u00f3loga Rovena Paranhos, professora da UNIFASE, da coordenadora do programa de qualifica\u00e7\u00e3o profissional \u2013 Resid\u00eancia em TIC do Serratec, Cic\u00edlia Paraquett, al\u00e9m de membros da equipe do LNCC envolvidos no projeto.<\/p>\n\n\n\n<p>Durante o encontro, foram abordadas quest\u00f5es fundamentais&nbsp;<strong>relacionadas ao bem-estar emocional das estudantes<\/strong>, destacando como o suporte psicol\u00f3gico cont\u00ednuo pode&nbsp;<strong>impactar positivamente<\/strong>&nbsp;n\u00e3o apenas o desempenho acad\u00eamico, mas tamb\u00e9m a autoconfian\u00e7a, a motiva\u00e7\u00e3o e o fortalecimento da identidade das meninas em \u00e1reas historicamente dominadas por homens, como Ci\u00eancia, Tecnologia, Engenharia e Matem\u00e1tica (STEM).<\/p>\n\n\n\n<p>A psic\u00f3loga Rovena Paranhos compartilhou reflex\u00f5es sobre os desafios enfrentados por jovens em processo de forma\u00e7\u00e3o,&nbsp;&nbsp;<strong>apresentando estrat\u00e9gias de acolhimento e escuta ativa<\/strong>&nbsp;que v\u00eam sendo aplicadas no acompanhamento das alunas do projeto. Segundo ela, \u201c<em>o cuidado com a sa\u00fade mental \u00e9 essencial para que essas jovens possam explorar todo o seu potencial, superando barreiras internas e externas que limitam seu crescimento<\/em>\u201d.<\/p>\n\n\n\n<p>A coordenadora Regina Cerqueira enfatizou que esse cuidado faz parte da miss\u00e3o do&nbsp;<em>Meninas STEM Petr\u00f3polis Tec Hub<\/em>, que vai al\u00e9m da forma\u00e7\u00e3o t\u00e9cnica ao buscar&nbsp;<strong>promover um ambiente seguro, inclusivo e inspirador para o desenvolvimento integral das participantes<\/strong>. \u201c<em>Acreditamos que n\u00e3o existe transforma\u00e7\u00e3o educacional real sem olhar para o ser humano em sua totalidade. E isso inclui acolher suas emo\u00e7\u00f5es, hist\u00f3rias e desafios<\/em>\u201d, afirmou.<\/p>\n\n\n\n<figure class=\"wp-block-image\"><img decoding=\"async\" src=\"https:\/\/mail.google.com\/mail\/u\/0?ui=2&amp;ik=f4253e1d59&amp;attid=0.2&amp;permmsgid=msg-f:1829570741052173517&amp;th=1963f0e53fdceccd&amp;view=fimg&amp;fur=ip&amp;permmsgid=msg-f:1829570741052173517&amp;sz=s0-l75-ft&amp;attbid=ANGjdJ8XPMShWwk7hK1Tq-e8rBzR1v5qOfMy4krnBlQrTeDxdSOZ-NbL-IvT5-tLYQgxbP2UAwzepCTQYVFiRFHRYtMAG9rkM4rkwZ4zkSeSJuU5aJchZhBNrn-Y3OM&amp;disp=emb&amp;zw\" alt=\"Descri\u00e7\u00e3o: cid:part2.sk0SeHlY.pL2ipdnO@lncc.br\"\/><\/figure>\n\n\n\n<p>O encontro tamb\u00e9m promoveu uma troca rica entre fam\u00edlias, estudantes e educadores, refor\u00e7ando os la\u00e7os de apoio e pertencimento que s\u00e3o pilares do projeto. Para os presentes, a ocasi\u00e3o representou um momento de escuta, valoriza\u00e7\u00e3o das trajet\u00f3rias e celebra\u00e7\u00e3o dos avan\u00e7os conquistados at\u00e9 aqui.<\/p>\n\n\n\n<p>O&nbsp;<em>Meninas STEM Petr\u00f3polis Tec Hub<\/em>&nbsp;segue firme em sua proposta de fomentar o interesse de meninas pela ci\u00eancia e tecnologia, integrando a\u00e7\u00f5es formativas, acompanhamento psicol\u00f3gico e apoio institucional em uma abordagem inovadora e transformadora.<\/p>\n\n\n\n<p>N\u00facleo de Divulga\u00e7\u00e3o<br>Meninas STEM Tec Hub Petr\u00f3polis<br>Instagram&nbsp;@meninastempetropolis<br><a href=\"https:\/\/www.meninastem.com.br\/\" target=\"_blank\" rel=\"noreferrer noopener\">https:\/\/www.meninastem.com.br<\/a><\/p>\n","protected":false},"excerpt":{"rendered":"<p>Na \u00faltima sexta-feira, 11 de abril, o Laborat\u00f3rio Nacional de Computa\u00e7\u00e3o Cient\u00edfica (LNCC\/MCTI) sediou um<\/p>\n","protected":false},"author":1,"featured_media":45341,"comment_status":"closed","ping_status":"open","sticky":false,"template":"","format":"standard","meta":{"spay_email":"","footnotes":"","jetpack_publicize_message":""},"categories":[9],"tags":[],"jetpack_featured_media_url":"https:\/\/i0.wp.com\/jornaldeitaipava.com.br\/wp-content\/uploads\/2025\/04\/Sem-titulo.jpg?fit=425%2C252&ssl=1","jetpack_publicize_connections":[],"jetpack_sharing_enabled":true,"jetpack_likes_enabled":true,"jetpack-related-posts":[],"_links":{"self":[{"href":"https:\/\/jornaldeitaipava.com.br\/index.php\/wp-json\/wp\/v2\/posts\/45340"}],"collection":[{"href":"https:\/\/jornaldeitaipava.com.br\/index.php\/wp-json\/wp\/v2\/posts"}],"about":[{"href":"https:\/\/jornaldeitaipava.com.br\/index.php\/wp-json\/wp\/v2\/types\/post"}],"author":[{"embeddable":true,"href":"https:\/\/jornaldeitaipava.com.br\/index.php\/wp-json\/wp\/v2\/users\/1"}],"replies":[{"embeddable":true,"href":"https:\/\/jornaldeitaipava.com.br\/index.php\/wp-json\/wp\/v2\/comments?post=45340"}],"version-history":[{"count":1,"href":"https:\/\/jornaldeitaipava.com.br\/index.php\/wp-json\/wp\/v2\/posts\/45340\/revisions"}],"predecessor-version":[{"id":45342,"href":"https:\/\/jornaldeitaipava.com.br\/index.php\/wp-json\/wp\/v2\/posts\/45340\/revisions\/45342"}],"wp:featuredmedia":[{"embeddable":true,"href":"https:\/\/jornaldeitaipava.com.br\/index.php\/wp-json\/wp\/v2\/media\/45341"}],"wp:attachment":[{"href":"https:\/\/jornaldeitaipava.com.br\/index.php\/wp-json\/wp\/v2\/media?parent=45340"}],"wp:term":[{"taxonomy":"category","embeddable":true,"href":"https:\/\/jornaldeitaipava.com.br\/index.php\/wp-json\/wp\/v2\/categories?post=45340"},{"taxonomy":"post_tag","embeddable":true,"href":"https:\/\/jornaldeitaipava.com.br\/index.php\/wp-json\/wp\/v2\/tags?post=45340"}],"curies":[{"name":"wp","href":"https:\/\/api.w.org\/{rel}","templated":true}]}}