{"id":45706,"date":"2025-05-09T17:35:31","date_gmt":"2025-05-09T20:35:31","guid":{"rendered":"http:\/\/jornaldeitaipava.com.br\/?p=45706"},"modified":"2025-05-09T17:35:33","modified_gmt":"2025-05-09T20:35:33","slug":"estacio-petropolis-promove-semana-nacional-dos-cursos-com-muito-conhecimento-inovacao-e-conexao-com-o-mundo-profissional","status":"publish","type":"post","link":"https:\/\/jornaldeitaipava.com.br\/index.php\/2025\/05\/09\/estacio-petropolis-promove-semana-nacional-dos-cursos-com-muito-conhecimento-inovacao-e-conexao-com-o-mundo-profissional\/","title":{"rendered":"Est\u00e1cio Petr\u00f3polis promove Semana Nacional dos Cursos com muito conhecimento, inova\u00e7\u00e3o e conex\u00e3o com o mundo profissional"},"content":{"rendered":"\n<p class=\"has-text-align-center\"><strong>De 12 a 17 de maio, a unidade est\u00e1 com uma intensa programa\u00e7\u00e3o com palestras e oficinas gratuitas abertas ao p\u00fablico em geral<\/strong><\/p>\n\n\n\n<p>No pr\u00f3ximo dia 12, segunda-feira, a Est\u00e1cio Petr\u00f3polis d\u00e1 largada a Semana Nacional de Cursos, que se estende at\u00e9 o dia 17. A programa\u00e7\u00e3o est\u00e1 repleta de palestras e oficinas nas mais diferentes \u00e1reas. S\u00e3o todas gratuitas, abertas ao p\u00fablico em geral e n\u00e3o \u00e9 necess\u00e1rio fazer inscri\u00e7\u00e3o pr\u00e9via. Ser\u00e1 um momento de intenso conhecimento, com muita inova\u00e7\u00e3o e conex\u00e3o com a vida profissional.<\/p>\n\n\n\n<p>\u201cA semana acad\u00eamica, para a comunidade, representa uma valiosa oportunidade de acesso ao conhecimento e \u00e0s pesquisas desenvolvidas na universidade, fortalecendo a liga\u00e7\u00e3o entre a academia e a sociedade atrav\u00e9s de palestras abertas e atividades diversas, sendo um catalisador de novas ideias e um passo rumo a um futuro mais promissor para todos\u201d, disse Patr\u00edcia Bach, diretora da Est\u00e1cio Petr\u00f3polis, informando ainda que esta \u00e9 uma excelente oportunidade para quem quer descobrir sua voca\u00e7\u00e3o, entender o dia a dia de cada carreira e conhecer de perto a estrutura dos cursos da unidade.<\/p>\n\n\n\n<p>Entre as \u00e1reas que fazem parte da programa\u00e7\u00e3o est\u00e3o: Administra\u00e7\u00e3o, Arquitetura e Urbanismo, Biomedicina, Direito, Enfermagem, Engenharia, Farm\u00e1cia, Jornalismo, Medicina Veterin\u00e1ria, Nutri\u00e7\u00e3o, Odontologia, Pedagogia, Psicologia e Publicidade. Todos estes cursos est\u00e3o dispon\u00edveis na unidade.<\/p>\n\n\n\n<p>Destaques da programa\u00e7\u00e3o<\/p>\n\n\n\n<ul>\n<li>Arquitetura e Urbanismo com palestra do CAU sobre atua\u00e7\u00e3o e mercado.<\/li>\n\n\n\n<li>Engenharia com a presen\u00e7a do CREA J\u00fanior e oficinas voltadas \u00e0 constru\u00e7\u00e3o civil.<\/li>\n\n\n\n<li>Medicina Veterin\u00e1ria com participa\u00e7\u00e3o do CRMV-RJ e oficinas de cardiologia, odontologia equina e muito mais.<\/li>\n\n\n\n<li>Direito com simula\u00e7\u00f5es de audi\u00eancias e palestra sobre prerrogativas da advocacia com refer\u00eancia \u00e0 OAB.<\/li>\n\n\n\n<li>Oficinas pr\u00e1ticas em \u00e1reas como Psicologia, Biomedicina, Nutri\u00e7\u00e3o, Enfermagem, Administra\u00e7\u00e3o, Publicidade, Pedagogia e Farm\u00e1cia, com temas que v\u00e3o desde intelig\u00eancia artificial at\u00e9 cuidado cl\u00ednico e bem-estar social.<\/li>\n<\/ul>\n\n\n\n<p>\u201cO Batalh\u00e3o de Opera\u00e7\u00f5es Policiais Especiais da Pol\u00edcia Militar, o BOPE, tamb\u00e9m estar\u00e1 presente e ir\u00e1 expor\u201d, acrescenta Patr\u00edcia.<\/p>\n\n\n\n<p>A programa\u00e7\u00e3o completa est\u00e1 dispon\u00edvel no link: https:\/\/1drv.ms\/b\/c\/d1e7f5b0ff814e90\/EZ38WZJrS4NDq5D3TPNfTSoBetj7cqd-Ei2hYpoZ60t6Dg?e=fhqhca .<\/p>\n\n\n\n<p>Para aqueles que quiserem participar, basta se dirigir \u00e0 sede da Est\u00e1cio Petr\u00f3polis, que fica na Rua Bingen, n\u00ba 50, no Bingen.<\/p>\n","protected":false},"excerpt":{"rendered":"<p>De 12 a 17 de maio, a unidade est\u00e1 com uma intensa programa\u00e7\u00e3o com palestras<\/p>\n","protected":false},"author":1,"featured_media":9839,"comment_status":"closed","ping_status":"open","sticky":false,"template":"","format":"standard","meta":{"spay_email":"","footnotes":"","jetpack_publicize_message":""},"categories":[2],"tags":[],"jetpack_featured_media_url":"https:\/\/i1.wp.com\/jornaldeitaipava.com.br\/wp-content\/uploads\/2021\/02\/ESTACIO.jpg?fit=937%2C510&ssl=1","jetpack_publicize_connections":[],"jetpack_sharing_enabled":true,"jetpack_likes_enabled":true,"jetpack-related-posts":[],"_links":{"self":[{"href":"https:\/\/jornaldeitaipava.com.br\/index.php\/wp-json\/wp\/v2\/posts\/45706"}],"collection":[{"href":"https:\/\/jornaldeitaipava.com.br\/index.php\/wp-json\/wp\/v2\/posts"}],"about":[{"href":"https:\/\/jornaldeitaipava.com.br\/index.php\/wp-json\/wp\/v2\/types\/post"}],"author":[{"embeddable":true,"href":"https:\/\/jornaldeitaipava.com.br\/index.php\/wp-json\/wp\/v2\/users\/1"}],"replies":[{"embeddable":true,"href":"https:\/\/jornaldeitaipava.com.br\/index.php\/wp-json\/wp\/v2\/comments?post=45706"}],"version-history":[{"count":1,"href":"https:\/\/jornaldeitaipava.com.br\/index.php\/wp-json\/wp\/v2\/posts\/45706\/revisions"}],"predecessor-version":[{"id":45707,"href":"https:\/\/jornaldeitaipava.com.br\/index.php\/wp-json\/wp\/v2\/posts\/45706\/revisions\/45707"}],"wp:featuredmedia":[{"embeddable":true,"href":"https:\/\/jornaldeitaipava.com.br\/index.php\/wp-json\/wp\/v2\/media\/9839"}],"wp:attachment":[{"href":"https:\/\/jornaldeitaipava.com.br\/index.php\/wp-json\/wp\/v2\/media?parent=45706"}],"wp:term":[{"taxonomy":"category","embeddable":true,"href":"https:\/\/jornaldeitaipava.com.br\/index.php\/wp-json\/wp\/v2\/categories?post=45706"},{"taxonomy":"post_tag","embeddable":true,"href":"https:\/\/jornaldeitaipava.com.br\/index.php\/wp-json\/wp\/v2\/tags?post=45706"}],"curies":[{"name":"wp","href":"https:\/\/api.w.org\/{rel}","templated":true}]}}