{"id":45708,"date":"2025-05-09T17:36:43","date_gmt":"2025-05-09T20:36:43","guid":{"rendered":"http:\/\/jornaldeitaipava.com.br\/?p=45708"},"modified":"2025-05-09T17:36:45","modified_gmt":"2025-05-09T20:36:45","slug":"casa-do-trabalhador-recebe-acao-para-cadastramento-de-curriculos-de-estagiarios","status":"publish","type":"post","link":"https:\/\/jornaldeitaipava.com.br\/index.php\/2025\/05\/09\/casa-do-trabalhador-recebe-acao-para-cadastramento-de-curriculos-de-estagiarios\/","title":{"rendered":"Casa do Trabalhador recebe a\u00e7\u00e3o para cadastramento de curr\u00edculos de estagi\u00e1rios"},"content":{"rendered":"\n<p class=\"has-text-align-center\"><strong>Iniciativa \u00e9 uma oportunidade para jovens conseguirem oportunidades de est\u00e1gio<\/strong><\/p>\n\n\n\n<p>A Casa do Trabalhador recebe a a\u00e7\u00e3o CIEE em Movimento, uma parceria da Prefeitura e do Centro de Integra\u00e7\u00e3o Empresa-Escola (CIEE). A iniciativa acontece na quarta-feira (14\/5), das 10h \u00e0s 15h, para cadastros de curr\u00edculos e oportunidades de est\u00e1gio.<\/p>\n\n\n\n<p>\u201cEstamos comprometidos em expandir oportunidades de emprego e renda em todos os nossos setores. Para os jovens, um est\u00e1gio ou programa de jovem aprendiz \u00e9 uma porta de entrada para o mercado de trabalho, onde podem ganhar experi\u00eancia valiosa, desenvolver habilidades e explorar diferentes \u00e1reas antes de ingressar na vida profissional\u201d, disse o prefeito Hingo Hammes.<\/p>\n\n\n\n<p>Para participar da a\u00e7\u00e3o, \u00e9 preciso levar CPF e RG para o cadastrar na plataforma do CIEE. Essa \u00e9 mais uma das a\u00e7\u00f5es de emprego que v\u00eam sendo realizadas na Casa do Trabalhador. No \u00faltimo m\u00eas, o equipamento da Assist\u00eancia Social recebeu tr\u00eas a\u00e7\u00f5es de processo seletivo de empresas da cidade.<\/p>\n\n\n\n<p>\u201cEstamos gerando oportunidades no nosso munic\u00edpio e principalmente facilitando o acesso \u00e0 popula\u00e7\u00e3o. A Casa do Trabalhador \u00e9 um equipamento onde conseguimos oferecer apoio para que petropolitanos alcancem: seja o primeiro emprego, uma recoloca\u00e7\u00e3o profissional, ou aux\u00edlio a ferramentas como a carteira digital\u201d, explicou a secret\u00e1ria de Assist\u00eancia Social, Adriana Kreischer.<\/p>\n\n\n\n<p>Servi\u00e7o<br>Local: Casa do Trabalhador<br>(Rua Dr. Porci\u00fancula &#8211; Terminal do Centro)<br>Hor\u00e1rio: 10h \u00e0s 15h<\/p>\n","protected":false},"excerpt":{"rendered":"<p>Iniciativa \u00e9 uma oportunidade para jovens conseguirem oportunidades de est\u00e1gio A Casa do Trabalhador recebe<\/p>\n","protected":false},"author":1,"featured_media":8339,"comment_status":"closed","ping_status":"open","sticky":false,"template":"","format":"standard","meta":{"spay_email":"","footnotes":"","jetpack_publicize_message":""},"categories":[24],"tags":[],"jetpack_featured_media_url":"https:\/\/i2.wp.com\/jornaldeitaipava.com.br\/wp-content\/uploads\/2021\/01\/terminal.jpg?fit=525%2C275&ssl=1","jetpack_publicize_connections":[],"jetpack_sharing_enabled":true,"jetpack_likes_enabled":true,"jetpack-related-posts":[],"_links":{"self":[{"href":"https:\/\/jornaldeitaipava.com.br\/index.php\/wp-json\/wp\/v2\/posts\/45708"}],"collection":[{"href":"https:\/\/jornaldeitaipava.com.br\/index.php\/wp-json\/wp\/v2\/posts"}],"about":[{"href":"https:\/\/jornaldeitaipava.com.br\/index.php\/wp-json\/wp\/v2\/types\/post"}],"author":[{"embeddable":true,"href":"https:\/\/jornaldeitaipava.com.br\/index.php\/wp-json\/wp\/v2\/users\/1"}],"replies":[{"embeddable":true,"href":"https:\/\/jornaldeitaipava.com.br\/index.php\/wp-json\/wp\/v2\/comments?post=45708"}],"version-history":[{"count":1,"href":"https:\/\/jornaldeitaipava.com.br\/index.php\/wp-json\/wp\/v2\/posts\/45708\/revisions"}],"predecessor-version":[{"id":45709,"href":"https:\/\/jornaldeitaipava.com.br\/index.php\/wp-json\/wp\/v2\/posts\/45708\/revisions\/45709"}],"wp:featuredmedia":[{"embeddable":true,"href":"https:\/\/jornaldeitaipava.com.br\/index.php\/wp-json\/wp\/v2\/media\/8339"}],"wp:attachment":[{"href":"https:\/\/jornaldeitaipava.com.br\/index.php\/wp-json\/wp\/v2\/media?parent=45708"}],"wp:term":[{"taxonomy":"category","embeddable":true,"href":"https:\/\/jornaldeitaipava.com.br\/index.php\/wp-json\/wp\/v2\/categories?post=45708"},{"taxonomy":"post_tag","embeddable":true,"href":"https:\/\/jornaldeitaipava.com.br\/index.php\/wp-json\/wp\/v2\/tags?post=45708"}],"curies":[{"name":"wp","href":"https:\/\/api.w.org\/{rel}","templated":true}]}}