{"id":45710,"date":"2025-05-09T17:38:25","date_gmt":"2025-05-09T20:38:25","guid":{"rendered":"http:\/\/jornaldeitaipava.com.br\/?p=45710"},"modified":"2025-05-09T17:38:28","modified_gmt":"2025-05-09T20:38:28","slug":"firjan-aponta-teresopolis-entre-as-10-cidades-com-melhor-indice-de-desenvolvimento-municipal-e-em-2o-lugar-na-regiao-serrana","status":"publish","type":"post","link":"https:\/\/jornaldeitaipava.com.br\/index.php\/2025\/05\/09\/firjan-aponta-teresopolis-entre-as-10-cidades-com-melhor-indice-de-desenvolvimento-municipal-e-em-2o-lugar-na-regiao-serrana\/","title":{"rendered":"FIRJAN\u00a0aponta Teres\u00f3polis entre as 10 cidades com melhor \u00edndice de desenvolvimento municipal e em 2\u00ba lugar na Regi\u00e3o Serrana"},"content":{"rendered":"\n<p>Divulgado nesta quinta, 08,\u00a0o \u00cdndice Firjan de Desenvolvimento Municipal (IFDM) lista Teres\u00f3polis entre as 10 cidades com os melhores indicadores de desenvolvimento socioecon\u00f4mico do estado\u00a0e em 2\u00ba lugar na Regi\u00e3o Serrana fluminense.<\/p>\n\n\n\n<p>De acordo com o estudo da Federa\u00e7\u00e3o das Ind\u00fastrias do Estado do Rio de Janeiro, elaborado com dados oficiais referentes ao ano-base de 2023, o munic\u00edpio registrou um \u00edndice de 0,7321, apresentando desenvolvimento moderado nas \u00e1reas de&nbsp;sa\u00fade, educa\u00e7\u00e3o,&nbsp;emprego e renda.<\/p>\n\n\n\n<p>O Rio de Janeiro conquistou o 1\u00ba lugar, figurando entre as 10 capitais com melhor desempenho do pa\u00eds.<\/p>\n\n\n\n<p>A lista do Top 10 estadual \u00e9 composta pelas seguintes cidades:&nbsp;1\u00ba&nbsp;Rio de Janeiro,&nbsp;2\u00ba&nbsp;Volta Redonda,&nbsp;3\u00ba&nbsp;Resende,&nbsp;4\u00ba&nbsp;Maca\u00e9,&nbsp;4\u00ba&nbsp;Pira\u00ed,&nbsp;6\u00ba&nbsp;Itaperuna,&nbsp;7\u00ba&nbsp;Petr\u00f3polis,&nbsp;8\u00ba&nbsp;Porto Real,&nbsp;9\u00ba&nbsp;Teres\u00f3polis,&nbsp;10\u00ba&nbsp;Areal.<\/p>\n\n\n\n<p>O IFDM \u00e9 elaborado anualmente desde 2008 e acompanha o&nbsp;desenvolvimento socioecon\u00f4mico de todos os munic\u00edpios brasileiros em tr\u00eas \u00e1reas: emprego e renda, sa\u00fade e educa\u00e7\u00e3o. \u00c9 elaborado a partir de estat\u00edsticas p\u00fablicas oficiais, divulgadas pelos Minist\u00e9rios do Trabalho e Emprego, de Educa\u00e7\u00e3o e da Sa\u00fade.<\/p>\n\n\n\n<p>O \u00cdndice&nbsp;Firjan de Desenvolvimento Municipal&nbsp;pode ser acessado por meio do link&nbsp;<a href=\"https:\/\/www.firjan.com.br\/ifdm\/?_gl=1*fau7gm*_gcl_au*NDEwMzA2Njc3LjE3NDY4MTU3MjM.\" target=\"_blank\" rel=\"noreferrer noopener\"><u>https:\/\/www.firjan.com.br\/ifdm\/?_gl=1*fau7gm*_gcl_au*NDEwMzA2Njc3LjE3NDY4MTU3MjM.<\/u><\/a><\/p>\n","protected":false},"excerpt":{"rendered":"<p>Divulgado nesta quinta, 08,\u00a0o \u00cdndice Firjan de Desenvolvimento Municipal (IFDM) lista Teres\u00f3polis entre as 10<\/p>\n","protected":false},"author":1,"featured_media":45711,"comment_status":"closed","ping_status":"open","sticky":false,"template":"","format":"standard","meta":{"spay_email":"","footnotes":"","jetpack_publicize_message":""},"categories":[5],"tags":[],"jetpack_featured_media_url":"https:\/\/i0.wp.com\/jornaldeitaipava.com.br\/wp-content\/uploads\/2025\/05\/CAT_Gutto-1-scaled.jpg?fit=2560%2C1531&ssl=1","jetpack_publicize_connections":[],"jetpack_sharing_enabled":true,"jetpack_likes_enabled":true,"jetpack-related-posts":[],"_links":{"self":[{"href":"https:\/\/jornaldeitaipava.com.br\/index.php\/wp-json\/wp\/v2\/posts\/45710"}],"collection":[{"href":"https:\/\/jornaldeitaipava.com.br\/index.php\/wp-json\/wp\/v2\/posts"}],"about":[{"href":"https:\/\/jornaldeitaipava.com.br\/index.php\/wp-json\/wp\/v2\/types\/post"}],"author":[{"embeddable":true,"href":"https:\/\/jornaldeitaipava.com.br\/index.php\/wp-json\/wp\/v2\/users\/1"}],"replies":[{"embeddable":true,"href":"https:\/\/jornaldeitaipava.com.br\/index.php\/wp-json\/wp\/v2\/comments?post=45710"}],"version-history":[{"count":1,"href":"https:\/\/jornaldeitaipava.com.br\/index.php\/wp-json\/wp\/v2\/posts\/45710\/revisions"}],"predecessor-version":[{"id":45712,"href":"https:\/\/jornaldeitaipava.com.br\/index.php\/wp-json\/wp\/v2\/posts\/45710\/revisions\/45712"}],"wp:featuredmedia":[{"embeddable":true,"href":"https:\/\/jornaldeitaipava.com.br\/index.php\/wp-json\/wp\/v2\/media\/45711"}],"wp:attachment":[{"href":"https:\/\/jornaldeitaipava.com.br\/index.php\/wp-json\/wp\/v2\/media?parent=45710"}],"wp:term":[{"taxonomy":"category","embeddable":true,"href":"https:\/\/jornaldeitaipava.com.br\/index.php\/wp-json\/wp\/v2\/categories?post=45710"},{"taxonomy":"post_tag","embeddable":true,"href":"https:\/\/jornaldeitaipava.com.br\/index.php\/wp-json\/wp\/v2\/tags?post=45710"}],"curies":[{"name":"wp","href":"https:\/\/api.w.org\/{rel}","templated":true}]}}