{"id":45718,"date":"2025-05-12T16:25:39","date_gmt":"2025-05-12T19:25:39","guid":{"rendered":"http:\/\/jornaldeitaipava.com.br\/?p=45718"},"modified":"2025-05-12T16:25:47","modified_gmt":"2025-05-12T19:25:47","slug":"4a-corrida-de-rua-de-pcd-acontece-dia-18-de-maio","status":"publish","type":"post","link":"https:\/\/jornaldeitaipava.com.br\/index.php\/2025\/05\/12\/4a-corrida-de-rua-de-pcd-acontece-dia-18-de-maio\/","title":{"rendered":"4\u00aa Corrida de Rua de PCD acontece dia 18 de maio"},"content":{"rendered":"\n<p>A quarta edi\u00e7\u00e3o da Corrida de Rua de PCD \u201cCorrida dos INcans\u00e1veis 2025\u201d, acontece no pr\u00f3ximo domingo, dia 18 de maio. Com o objetivo de valorizar e reconhecer o espa\u00e7o das pessoas com defici\u00eancia no esporte, a corrida \u00e9 uma realiza\u00e7\u00e3o da Prefeitura de Petr\u00f3polis e do Projeto INcluir.<\/p>\n\n\n\n<p>&#8220;O esporte \u00e9 um poderoso movimentador social, um meio eficaz para desenvolver o lazer e a socializa\u00e7\u00e3o. Al\u00e9m disso, \u00e9 uma ferramenta valiosa para promover a sa\u00fade, a disciplina e a inclus\u00e3o. Como governo, \u00e9 fundamental trabalharmos para garantir acesso para todos\u201d, disse o prefeito Hingo Hammes.<\/p>\n\n\n\n<p>A concentra\u00e7\u00e3o est\u00e1 marcada para \u00e0s 9h e a largada, \u00e0s 10h, na Pra\u00e7a 14 Bis, no Centro. O trajeto \u00e9 pelas principais ruas do Centro Hist\u00f3rico, com uma volta pela Pra\u00e7a da Liberdade, percorre ida e volta pela Avenida Koeler, seguindo pela Avenida Roberto Silveira, sentido Rua Alfredo Pach\u00e1 e voltando pela Avenida Roberto Silveira, finalizando na Pra\u00e7a 14 Bis.<\/p>\n\n\n\n<p>\u201cNosso objetivo \u00e9 ir al\u00e9m de oferecer servi\u00e7os. Estamos comprometidos em promover a socializa\u00e7\u00e3o, o lazer e a qualidade de vida para as pessoas com defici\u00eancia, criando oportunidades que valorizem sua inclus\u00e3o e participa\u00e7\u00e3o na sociedade\u201d, acrescentou o secret\u00e1rio da Pessoa com Defici\u00eancia, Leandro Kronenberger.<\/p>\n\n\n\n<p>A corrida tamb\u00e9m abra\u00e7a a causa da sustentabilidade, funcionando como ponto de coleta de tampinhas pl\u00e1sticas, lacres de alum\u00ednio e \u00f3leo de cozinha usado. &#8216;Nosso prop\u00f3sito \u00e9 construir um mundo mais sustent\u00e1vel e inclusivo. A Corrida os INcans\u00e1veis \u00e9 tamb\u00e9m uma oportunidade de dar visibilidade \u00e0s pessoas com defici\u00eancia e fortalecer a luta por direitos e acessibilidade. Esperamos receber um grande p\u00fablico para que nossas a\u00e7\u00f5es continuem gerando impacto positivo na constru\u00e7\u00e3o de uma sociedade verdadeiramente inclusiva&#8217;, afirma Chen Li Cheng, idealizador do INcluir Petr\u00f3polis ao lado de Alessandra Caline.<\/p>\n\n\n\n<p><strong>Servi\u00e7o:<br><\/strong>Concentra\u00e7\u00e3o<br>9h<br>Pra\u00e7a 14 Bis &#8211; Avenida Roberto Silveira, 43 &#8211; Centro<\/p>\n\n\n\n<p>Largada<br>10h<\/p>\n\n\n\n<p>Inscri\u00e7\u00f5es gratuitas pelo WhatsApp: (24) 99216-1274<\/p>\n","protected":false},"excerpt":{"rendered":"<p>A quarta edi\u00e7\u00e3o da Corrida de Rua de PCD \u201cCorrida dos INcans\u00e1veis 2025\u201d, acontece no<\/p>\n","protected":false},"author":1,"featured_media":33752,"comment_status":"closed","ping_status":"open","sticky":false,"template":"","format":"standard","meta":{"spay_email":"","footnotes":"","jetpack_publicize_message":""},"categories":[9],"tags":[],"jetpack_featured_media_url":"https:\/\/i2.wp.com\/jornaldeitaipava.com.br\/wp-content\/uploads\/2023\/03\/mulher-corrida.jpg?fit=256%2C151&ssl=1","jetpack_publicize_connections":[],"jetpack_sharing_enabled":true,"jetpack_likes_enabled":true,"jetpack-related-posts":[],"_links":{"self":[{"href":"https:\/\/jornaldeitaipava.com.br\/index.php\/wp-json\/wp\/v2\/posts\/45718"}],"collection":[{"href":"https:\/\/jornaldeitaipava.com.br\/index.php\/wp-json\/wp\/v2\/posts"}],"about":[{"href":"https:\/\/jornaldeitaipava.com.br\/index.php\/wp-json\/wp\/v2\/types\/post"}],"author":[{"embeddable":true,"href":"https:\/\/jornaldeitaipava.com.br\/index.php\/wp-json\/wp\/v2\/users\/1"}],"replies":[{"embeddable":true,"href":"https:\/\/jornaldeitaipava.com.br\/index.php\/wp-json\/wp\/v2\/comments?post=45718"}],"version-history":[{"count":1,"href":"https:\/\/jornaldeitaipava.com.br\/index.php\/wp-json\/wp\/v2\/posts\/45718\/revisions"}],"predecessor-version":[{"id":45719,"href":"https:\/\/jornaldeitaipava.com.br\/index.php\/wp-json\/wp\/v2\/posts\/45718\/revisions\/45719"}],"wp:featuredmedia":[{"embeddable":true,"href":"https:\/\/jornaldeitaipava.com.br\/index.php\/wp-json\/wp\/v2\/media\/33752"}],"wp:attachment":[{"href":"https:\/\/jornaldeitaipava.com.br\/index.php\/wp-json\/wp\/v2\/media?parent=45718"}],"wp:term":[{"taxonomy":"category","embeddable":true,"href":"https:\/\/jornaldeitaipava.com.br\/index.php\/wp-json\/wp\/v2\/categories?post=45718"},{"taxonomy":"post_tag","embeddable":true,"href":"https:\/\/jornaldeitaipava.com.br\/index.php\/wp-json\/wp\/v2\/tags?post=45718"}],"curies":[{"name":"wp","href":"https:\/\/api.w.org\/{rel}","templated":true}]}}