{"id":45720,"date":"2025-05-12T16:27:04","date_gmt":"2025-05-12T19:27:04","guid":{"rendered":"http:\/\/jornaldeitaipava.com.br\/?p=45720"},"modified":"2025-05-12T16:27:10","modified_gmt":"2025-05-12T19:27:10","slug":"mais-de-5-mil-pessoas-foram-vacinadas-no-dia-d-contra-gripe-influenza-em-petropolis","status":"publish","type":"post","link":"https:\/\/jornaldeitaipava.com.br\/index.php\/2025\/05\/12\/mais-de-5-mil-pessoas-foram-vacinadas-no-dia-d-contra-gripe-influenza-em-petropolis\/","title":{"rendered":"Mais de 5 mil pessoas foram vacinadas no Dia D contra gripe Influenza em Petr\u00f3polis"},"content":{"rendered":"\n<p>Mais de cinco mil pessoas foram vacinadas neste s\u00e1bado (10\/05), no Dia D de vacina\u00e7\u00e3o contra a gripe Influenza. A a\u00e7\u00e3o foi promovida pela Prefeitura de Petr\u00f3polis e reuniu 49 postos de sa\u00fade que funcionaram durante todo o dia para atender o p\u00fablico priorit\u00e1rio que precisa se vacinar. A vacina deste ano \u00e9 trivalente (fragmentada e inativada) e protege contra os v\u00edrus tipo A\/H1N1, A\/H3N2 e B.<\/p>\n\n\n\n<p>\u201cMontamos um esquema especial neste s\u00e1bado para aproximar o atendimento do cidad\u00e3o e foi muito bom ver a popula\u00e7\u00e3o engajada nessa luta contra o v\u00edrus da gripe\u201d, comentou o prefeito Hingo Hammes.<\/p>\n\n\n\n<p>Ao todo foram aplicadas s\u00f3 neste dia \u201cD\u201d contra gripe 5.046 vacinas, totalizando 23.337 doses aplicadas at\u00e9 o momento. A vacina \u00e9 a forma mais eficaz para se proteger e desde o dia 2 de abril, o imunizante j\u00e1 estava dispon\u00edvel em 16 salas de vacina\u00e7\u00e3o da rede municipal. Apesar da mobiliza\u00e7\u00e3o neste s\u00e1bado, o n\u00famero de vacinas aplicadas corresponde a pouco mais de 27% do p\u00fablico-alvo que precisa se vacinar.<\/p>\n\n\n\n<p>\u201cConseguimos aumentar a ades\u00e3o com o dia D, mas ainda tem muita gente que precisa se vacinar. S\u00f3 assim vamos conseguir enfrentar com tranquilidade o per\u00edodo mais frio do ano, quando os casos de gripe costumam surgir\u201d, refor\u00e7ou o secret\u00e1rio de Sa\u00fade, Lu\u00eds Cruzick.<\/p>\n\n\n\n<p>Em 2025, at\u00e9 o momento, foram registrados apenas dois casos de gripe Influenza em Petr\u00f3polis, sendo um da Influenza A e um da Influenza B. Os dois necessitaram de interna\u00e7\u00e3o, mas os pacientes j\u00e1 tiveram alta.<\/p>\n\n\n\n<p>Veja quais s\u00e3o os grupos priorit\u00e1rios<\/p>\n\n\n\n<ul>\n<li>Crian\u00e7as de 6 meses a menores de 6 anos de idade (5 anos, 11 meses e 29 dias)<\/li>\n\n\n\n<li>Gestantes, idosos com 60 anos ou mais de idade<\/li>\n\n\n\n<li>Pu\u00e9rperas, povos ind\u00edgenas, quilombolas, pessoas em situa\u00e7\u00e3o de rua, trabalhadores da sa\u00fade, professores do ensino b\u00e1sico e superior, profissionais das for\u00e7as de seguran\u00e7a e salvamento, profissionais das for\u00e7as armadas, pessoas com defici\u00eancia permanente, caminhoneiros, trabalhadores de transporte coletivo rodovi\u00e1rio para passageiros urbanos e de longo curso, trabalhadores portu\u00e1rios, trabalhadores dos correios, popula\u00e7\u00e3o privada de liberdade e funcion\u00e1rios do sistema de priva\u00e7\u00e3o de liberdade, adolescentes e jovens de 12 a 21 anos de idade sob medidas socioeducativas, pessoas com doen\u00e7as cr\u00f4nicas n\u00e3o transmiss\u00edveis e outras condi\u00e7\u00f5es cl\u00ednicas especiais, independentemente da idade.<\/li>\n<\/ul>\n","protected":false},"excerpt":{"rendered":"<p>Mais de cinco mil pessoas foram vacinadas neste s\u00e1bado (10\/05), no Dia D de vacina\u00e7\u00e3o<\/p>\n","protected":false},"author":1,"featured_media":34326,"comment_status":"closed","ping_status":"open","sticky":false,"template":"","format":"standard","meta":{"spay_email":"","footnotes":"","jetpack_publicize_message":""},"categories":[24],"tags":[],"jetpack_featured_media_url":"https:\/\/i1.wp.com\/jornaldeitaipava.com.br\/wp-content\/uploads\/2023\/04\/influenza-vacina.png?fit=1443%2C843&ssl=1","jetpack_publicize_connections":[],"jetpack_sharing_enabled":true,"jetpack_likes_enabled":true,"jetpack-related-posts":[],"_links":{"self":[{"href":"https:\/\/jornaldeitaipava.com.br\/index.php\/wp-json\/wp\/v2\/posts\/45720"}],"collection":[{"href":"https:\/\/jornaldeitaipava.com.br\/index.php\/wp-json\/wp\/v2\/posts"}],"about":[{"href":"https:\/\/jornaldeitaipava.com.br\/index.php\/wp-json\/wp\/v2\/types\/post"}],"author":[{"embeddable":true,"href":"https:\/\/jornaldeitaipava.com.br\/index.php\/wp-json\/wp\/v2\/users\/1"}],"replies":[{"embeddable":true,"href":"https:\/\/jornaldeitaipava.com.br\/index.php\/wp-json\/wp\/v2\/comments?post=45720"}],"version-history":[{"count":1,"href":"https:\/\/jornaldeitaipava.com.br\/index.php\/wp-json\/wp\/v2\/posts\/45720\/revisions"}],"predecessor-version":[{"id":45721,"href":"https:\/\/jornaldeitaipava.com.br\/index.php\/wp-json\/wp\/v2\/posts\/45720\/revisions\/45721"}],"wp:featuredmedia":[{"embeddable":true,"href":"https:\/\/jornaldeitaipava.com.br\/index.php\/wp-json\/wp\/v2\/media\/34326"}],"wp:attachment":[{"href":"https:\/\/jornaldeitaipava.com.br\/index.php\/wp-json\/wp\/v2\/media?parent=45720"}],"wp:term":[{"taxonomy":"category","embeddable":true,"href":"https:\/\/jornaldeitaipava.com.br\/index.php\/wp-json\/wp\/v2\/categories?post=45720"},{"taxonomy":"post_tag","embeddable":true,"href":"https:\/\/jornaldeitaipava.com.br\/index.php\/wp-json\/wp\/v2\/tags?post=45720"}],"curies":[{"name":"wp","href":"https:\/\/api.w.org\/{rel}","templated":true}]}}