{"id":45724,"date":"2025-05-12T16:31:34","date_gmt":"2025-05-12T19:31:34","guid":{"rendered":"http:\/\/jornaldeitaipava.com.br\/?p=45724"},"modified":"2025-05-12T16:31:42","modified_gmt":"2025-05-12T19:31:42","slug":"dia-da-enfermagem-profissao-que-transforma-enfermagem-vai-alem-dos-hospitais-e-amplia-acesso-a-saude","status":"publish","type":"post","link":"https:\/\/jornaldeitaipava.com.br\/index.php\/2025\/05\/12\/dia-da-enfermagem-profissao-que-transforma-enfermagem-vai-alem-dos-hospitais-e-amplia-acesso-a-saude\/","title":{"rendered":"Dia da Enfermagem: Profiss\u00e3o que Transforma: Enfermagem vai al\u00e9m dos hospitais e amplia acesso \u00e0 sa\u00fade"},"content":{"rendered":"\n<p class=\"has-text-align-center\"><strong>Profissionais ampliam sua atua\u00e7\u00e3o para al\u00e9m dos hospitais, ocupando espa\u00e7os na aten\u00e7\u00e3o b\u00e1sica, educa\u00e7\u00e3o, gest\u00e3o e inova\u00e7\u00e3o em sa\u00fade<\/strong><\/p>\n\n\n\n<p>A enfermagem tem conquistado cada vez mais espa\u00e7o fora dos hospitais, mostrando sua relev\u00e2ncia n\u00e3o apenas no cuidado direto ao paciente internado, mas tamb\u00e9m na promo\u00e7\u00e3o da sa\u00fade, preven\u00e7\u00e3o de doen\u00e7as e gest\u00e3o da assist\u00eancia em m\u00faltiplos contextos. No Dia da Enfermagem, celebrado hoje, 12 de maio, a profiss\u00e3o \u00e9 homenageada pela sua versatilidade e compromisso social.<br>Segundo Cissa Cardoso, enfermeira e coordenadora do curso de Enfermagem da Est\u00e1cio, a atua\u00e7\u00e3o extramuros tem se expandido. Ela revela o quanto a profiss\u00e3o pode transformar realidades.<br>\u201cA enfermagem est\u00e1 presente em muitos espa\u00e7os que, por muito tempo, n\u00e3o eram associados \u00e0 nossa atua\u00e7\u00e3o. Isso mostra o quanto somos fundamentais para uma sa\u00fade mais acess\u00edvel e resolutiva\u201d, afirma.<br>Na aten\u00e7\u00e3o b\u00e1sica, os enfermeiros lideram equipes de sa\u00fade da fam\u00edlia, realizam consultas, monitoram doen\u00e7as cr\u00f4nicas e acompanham gestantes, crian\u00e7as e idosos. Al\u00e9m disso, desenvolvem a\u00e7\u00f5es educativas que fortalecem o v\u00ednculo com a comunidade e promovem a autonomia dos pacientes.<br>\u201cO enfermeiro tem papel estrat\u00e9gico na aten\u00e7\u00e3o prim\u00e1ria, sendo pe\u00e7a-chave para o fortalecimento do SUS\u201d, destaca Cissa.<\/p>\n\n\n<div class=\"wp-block-image\">\n<figure class=\"alignleft size-large is-resized\"><img loading=\"lazy\" decoding=\"async\" width=\"461\" height=\"1024\" data-attachment-id=\"45726\" data-permalink=\"https:\/\/jornaldeitaipava.com.br\/index.php\/2025\/05\/12\/dia-da-enfermagem-profissao-que-transforma-enfermagem-vai-alem-dos-hospitais-e-amplia-acesso-a-saude\/whatsapp-image-2025-05-12-at-14-16-56\/\" data-orig-file=\"https:\/\/i2.wp.com\/jornaldeitaipava.com.br\/wp-content\/uploads\/2025\/05\/WhatsApp-Image-2025-05-12-at-14.16.56.jpeg?fit=720%2C1600&amp;ssl=1\" data-orig-size=\"720,1600\" data-comments-opened=\"0\" data-image-meta=\"{&quot;aperture&quot;:&quot;0&quot;,&quot;credit&quot;:&quot;&quot;,&quot;camera&quot;:&quot;&quot;,&quot;caption&quot;:&quot;&quot;,&quot;created_timestamp&quot;:&quot;0&quot;,&quot;copyright&quot;:&quot;&quot;,&quot;focal_length&quot;:&quot;0&quot;,&quot;iso&quot;:&quot;0&quot;,&quot;shutter_speed&quot;:&quot;0&quot;,&quot;title&quot;:&quot;&quot;,&quot;orientation&quot;:&quot;0&quot;}\" data-image-title=\"WhatsApp Image 2025-05-12 at 14.16.56\" data-image-description=\"\" data-medium-file=\"https:\/\/i2.wp.com\/jornaldeitaipava.com.br\/wp-content\/uploads\/2025\/05\/WhatsApp-Image-2025-05-12-at-14.16.56.jpeg?fit=135%2C300&amp;ssl=1\" data-large-file=\"https:\/\/i2.wp.com\/jornaldeitaipava.com.br\/wp-content\/uploads\/2025\/05\/WhatsApp-Image-2025-05-12-at-14.16.56.jpeg?fit=461%2C1024&amp;ssl=1\" src=\"https:\/\/i2.wp.com\/jornaldeitaipava.com.br\/wp-content\/uploads\/2025\/05\/WhatsApp-Image-2025-05-12-at-14.16.56.jpeg?resize=461%2C1024\" alt=\"\" class=\"wp-image-45726\" style=\"width:285px;height:auto\" srcset=\"https:\/\/i2.wp.com\/jornaldeitaipava.com.br\/wp-content\/uploads\/2025\/05\/WhatsApp-Image-2025-05-12-at-14.16.56.jpeg?resize=461%2C1024&amp;ssl=1 461w, https:\/\/i2.wp.com\/jornaldeitaipava.com.br\/wp-content\/uploads\/2025\/05\/WhatsApp-Image-2025-05-12-at-14.16.56.jpeg?resize=135%2C300&amp;ssl=1 135w, https:\/\/i2.wp.com\/jornaldeitaipava.com.br\/wp-content\/uploads\/2025\/05\/WhatsApp-Image-2025-05-12-at-14.16.56.jpeg?resize=691%2C1536&amp;ssl=1 691w, https:\/\/i2.wp.com\/jornaldeitaipava.com.br\/wp-content\/uploads\/2025\/05\/WhatsApp-Image-2025-05-12-at-14.16.56.jpeg?w=720&amp;ssl=1 720w\" sizes=\"(max-width: 461px) 100vw, 461px\" data-recalc-dims=\"1\" \/><\/figure><\/div>\n\n\n<p>O cuidado tamb\u00e9m chega \u00e0 casa dos pacientes, por meio do atendimento domiciliar, com a\u00e7\u00f5es personalizadas que muitas vezes evitam interna\u00e7\u00f5es. Em ambulat\u00f3rios, os profissionais de enfermagem contribuem com o acompanhamento cl\u00ednico e a continuidade dos tratamentos.<\/p>\n\n\n\n<p><strong>Consult\u00f3rios de Enfermagem e a nova autonomia profissional<br><\/strong>Uma das \u00e1reas que mais cresce \u00e9 a dos consult\u00f3rios de enfermagem. Neles, profissionais realizam atendimentos, solicitam exames (dentro dos protocolos), prescrevem cuidados e incentivam o autocuidado.<br>\u201cEssa pr\u00e1tica representa um avan\u00e7o importante para a autonomia da enfermagem e aproxima a popula\u00e7\u00e3o de servi\u00e7os qualificados\u201d, explica Cissa. Os consult\u00f3rios tamb\u00e9m ajudam a reduzir filas nos servi\u00e7os p\u00fablicos e garantem acolhimento com foco na preven\u00e7\u00e3o.<br>A enfermagem tamb\u00e9m atua em escolas, empresas, unidades prisionais, a\u00e7\u00f5es humanit\u00e1rias e na telesa\u00fade. Enfermeiros produzem conte\u00fados educativos, produzindo materiais educativos, v\u00eddeos, cursos e publica\u00e7\u00f5es com base cient\u00edfica, voltados \u00e0 forma\u00e7\u00e3o de profissionais e \u00e0 educa\u00e7\u00e3o da popula\u00e7\u00e3o. Essa pr\u00e1tica amplia o alcance da informa\u00e7\u00e3o de qualidade e valoriza o conhecimento produzido pela enfermagem. Tamb\u00e9m oferece suporte remoto e compartilha informa\u00e7\u00f5es baseadas em evid\u00eancias, contribuindo com a forma\u00e7\u00e3o da popula\u00e7\u00e3o e de outros profissionais.<br>Como auditores, os enfermeiros analisam prontu\u00e1rios e colaboram com a melhoria da qualidade assistencial. Na capta\u00e7\u00e3o de \u00f3rg\u00e3os, acolhem fam\u00edlias e coordenam processos com sensibilidade e \u00e9tica. Gestores de sa\u00fade, os profissionais tamb\u00e9m lideram equipes e inovam com cl\u00ednicas, startups e cursos voltados ao bem-estar.<br>Na pesquisa, fortalecem pr\u00e1ticas baseadas em evid\u00eancias e avaliam pol\u00edticas p\u00fablicas. Em hemotransfus\u00e3o, garantem a seguran\u00e7a de todo o processo com rigor t\u00e9cnico. J\u00e1 como educadores, formam novos profissionais e disseminam conhecimento por meio de cursos e capacita\u00e7\u00f5es.<br>\u201cA atua\u00e7\u00e3o da enfermagem fora do hospital mostra nossa capacidade de lideran\u00e7a, inova\u00e7\u00e3o e cuidado integral. Somos profissionais preparados para estar onde a sa\u00fade precisa de transforma\u00e7\u00e3o\u201d, conclui Cissa Cardoso.<br>A expans\u00e3o da atua\u00e7\u00e3o da enfermagem para al\u00e9m do ambiente hospitalar evidencia a import\u00e2ncia desses profissionais na estrutura do sistema de sa\u00fade. Seja na assist\u00eancia direta, na gest\u00e3o, na educa\u00e7\u00e3o ou na pesquisa, a enfermagem se consolida como uma for\u00e7a essencial para a qualifica\u00e7\u00e3o do cuidado e para o fortalecimento das pol\u00edticas p\u00fablicas de sa\u00fade no Brasil.<\/p>\n","protected":false},"excerpt":{"rendered":"<p>Profissionais ampliam sua atua\u00e7\u00e3o para al\u00e9m dos hospitais, ocupando espa\u00e7os na aten\u00e7\u00e3o b\u00e1sica, educa\u00e7\u00e3o, gest\u00e3o<\/p>\n","protected":false},"author":1,"featured_media":45725,"comment_status":"closed","ping_status":"open","sticky":false,"template":"","format":"standard","meta":{"spay_email":"","footnotes":"","jetpack_publicize_message":""},"categories":[2],"tags":[],"jetpack_featured_media_url":"https:\/\/i2.wp.com\/jornaldeitaipava.com.br\/wp-content\/uploads\/2025\/05\/Brasao-Enfermagem-q9atmhyo73nt731aqrzaca49gwnps01vsfvl8cif8g.jpg?fit=1000%2C400&ssl=1","jetpack_publicize_connections":[],"jetpack_sharing_enabled":true,"jetpack_likes_enabled":true,"jetpack-related-posts":[],"_links":{"self":[{"href":"https:\/\/jornaldeitaipava.com.br\/index.php\/wp-json\/wp\/v2\/posts\/45724"}],"collection":[{"href":"https:\/\/jornaldeitaipava.com.br\/index.php\/wp-json\/wp\/v2\/posts"}],"about":[{"href":"https:\/\/jornaldeitaipava.com.br\/index.php\/wp-json\/wp\/v2\/types\/post"}],"author":[{"embeddable":true,"href":"https:\/\/jornaldeitaipava.com.br\/index.php\/wp-json\/wp\/v2\/users\/1"}],"replies":[{"embeddable":true,"href":"https:\/\/jornaldeitaipava.com.br\/index.php\/wp-json\/wp\/v2\/comments?post=45724"}],"version-history":[{"count":1,"href":"https:\/\/jornaldeitaipava.com.br\/index.php\/wp-json\/wp\/v2\/posts\/45724\/revisions"}],"predecessor-version":[{"id":45727,"href":"https:\/\/jornaldeitaipava.com.br\/index.php\/wp-json\/wp\/v2\/posts\/45724\/revisions\/45727"}],"wp:featuredmedia":[{"embeddable":true,"href":"https:\/\/jornaldeitaipava.com.br\/index.php\/wp-json\/wp\/v2\/media\/45725"}],"wp:attachment":[{"href":"https:\/\/jornaldeitaipava.com.br\/index.php\/wp-json\/wp\/v2\/media?parent=45724"}],"wp:term":[{"taxonomy":"category","embeddable":true,"href":"https:\/\/jornaldeitaipava.com.br\/index.php\/wp-json\/wp\/v2\/categories?post=45724"},{"taxonomy":"post_tag","embeddable":true,"href":"https:\/\/jornaldeitaipava.com.br\/index.php\/wp-json\/wp\/v2\/tags?post=45724"}],"curies":[{"name":"wp","href":"https:\/\/api.w.org\/{rel}","templated":true}]}}