{"id":45728,"date":"2025-05-12T16:33:16","date_gmt":"2025-05-12T19:33:16","guid":{"rendered":"http:\/\/jornaldeitaipava.com.br\/?p=45728"},"modified":"2025-05-12T16:33:22","modified_gmt":"2025-05-12T19:33:22","slug":"deputados-yuri-moura-e-henrique-vieira-vistoriam-laguna-de-araruama-e-convocam-audiencia-publica-na-alerj","status":"publish","type":"post","link":"https:\/\/jornaldeitaipava.com.br\/index.php\/2025\/05\/12\/deputados-yuri-moura-e-henrique-vieira-vistoriam-laguna-de-araruama-e-convocam-audiencia-publica-na-alerj\/","title":{"rendered":"Deputados Yuri Moura e Henrique Vieira vistoriam Laguna de Araruama e convocam Audi\u00eancia P\u00fablica na Alerj"},"content":{"rendered":"\n<p class=\"has-text-align-center\"><strong>Mandatos, pesquisadores, pescadores e ambientalistas denunciam crimes ambientais e cobram responsabiliza\u00e7\u00e3o de \u00f3rg\u00e3os p\u00fablicos e concession\u00e1rias; Henrique Vieira promete levar caso \u00e0 ministra Marina Silva<\/strong><\/p>\n\n\n\n<p>Os deputados Yuri Moura (estadual) e pastor Henrique Vieira (federal) realizaram, na \u00faltima sexta-feira (09), uma intensa agenda de visitas, escutas e fiscaliza\u00e7\u00f5es em S\u00e3o Pedro da Aldeia, \u00e0s margens da Laguna de Araruama. A a\u00e7\u00e3o refor\u00e7ou a convoca\u00e7\u00e3o de uma audi\u00eancia p\u00fablica, marcada para a pr\u00f3xima ter\u00e7a-feira (13\/05), \u00e0s 9h30, na sala 1810 da Assembleia Legislativa do Estado do Rio de Janeiro (Alerj), com o objetivo de debater a grave crise ambiental que afeta a laguna e os munic\u00edpios do seu entorno.<\/p>\n\n\n\n<p>Ao lado do Movimento de Preserva\u00e7\u00e3o da Laguna de Araruama, pescadores, ambientalistas, moradores e lideran\u00e7as locais, os parlamentares percorreram a laguna em embarca\u00e7\u00e3o de pescadores e encerraram o dia com uma assembleia popular na Pra\u00e7a das \u00c1guas.<\/p>\n\n\n\n<p>Yuri Moura, que j\u00e1 vinha acompanhando a situa\u00e7\u00e3o da Laguna de Araruama em seu mandato estadual e visitado a Praia do Siqueira, em Cabo Rio, foi enf\u00e1tico na cobran\u00e7a por responsabiliza\u00e7\u00e3o dos \u00f3rg\u00e3os estaduais, como o Instituto Estadual do Ambiente (INEA) e a Ag\u00eancia Reguladora de Energia e Saneamento B\u00e1sico do Estado do Rio de Janeiro (Agenersa) e da concession\u00e1ria ProLagos. \u201cA ProLagos segue poluindo sem puni\u00e7\u00e3o, e a Agenersa, que deveria fiscalizar, permanece omissa. Por isso, convidamos a ag\u00eancia para a audi\u00eancia p\u00fablica da pr\u00f3xima ter\u00e7a-feira. Se n\u00e3o comparecerem, vamos utilizar os mecanismos legais para convoc\u00e1-los. N\u00e3o d\u00e1 mais para aceitar essa coniv\u00eancia institucional com a destrui\u00e7\u00e3o da laguna\u201d, afirmou.<\/p>\n\n\n\n<p>O parlamentar tamb\u00e9m criticou a falta de articula\u00e7\u00e3o do Governo do Estado e denunciou a ocupa\u00e7\u00e3o irregular de terras da Uni\u00e3o na regi\u00e3o. \u201cCada prefeitura faz o que quer, o Estado finge que est\u00e1 fazendo dragagem, e as terras da Uni\u00e3o s\u00e3o loteadas por interesses. Enquanto isso, sete cidades s\u00e3o afetadas diretamente pela degrada\u00e7\u00e3o da Laguna de Araruama, e o povo segue adoecendo, os pescadores abandonados e a popula\u00e7\u00e3o vendo seu patrim\u00f4nio ser destru\u00eddo.\u201d, completou Yuri.<\/p>\n\n\n\n<p>J\u00e1 o Pastor Henrique Vieira afirmou que pretende levar a situa\u00e7\u00e3o diretamente ao Minist\u00e9rio do Meio Ambiente. \u201cQuero realizar uma audi\u00eancia com a ministra Marina Silva. Ela \u00e9 sens\u00edvel ao tema e precisamos acionar o Governo Federal. Esse \u00e9 um caso emblem\u00e1tico que reflete uma l\u00f3gica perversa presente em diversas cidades brasileiras: o lucro de poucos sacrificando a vida e a dignidade de muitos\u201d, disse o deputado.<\/p>\n\n\n\n<p>O pr\u00f3ximo passo na atua\u00e7\u00e3o dos parlamentares e movimentos em defesa da laguna \u00e9 a audi\u00eancia p\u00fablica na Alerj, na pr\u00f3xima ter\u00e7a, com o tema \u201cA polui\u00e7\u00e3o da Laguna de Araruama e seus impactos\u201d. O encontro promete reunir \u00f3rg\u00e3os p\u00fablicos, pesquisadores, representantes de movimentos sociais, moradores e lideran\u00e7as pesqueiras. A proposta \u00e9 debater solu\u00e7\u00f5es para a crise ecol\u00f3gica, discutir a falta de tratamento de esgoto, a dragagem ineficaz, a especula\u00e7\u00e3o imobili\u00e1ria descontrolada e a aus\u00eancia de pol\u00edticas p\u00fablicas de preserva\u00e7\u00e3o ambiental. \u201cN\u00e3o existe planeta B. N\u00e3o existe Laguna de Araruama B. Essa laguna \u00e9 fonte de vida, de cultura, de mem\u00f3ria afetiva. O desaparecimento dela \u00e9 o desaparecimento do povo que aqui est\u00e1. E n\u00f3s n\u00e3o vamos permitir isso\u201d, declarou Yuri Moura.<\/p>\n\n\n\n<p>Ao longo da visita, pescadores relataram doen\u00e7as de pele causadas pela polui\u00e7\u00e3o da \u00e1gua e perda de renda devido \u00e0 mortandade de peixes e \u00e0 contamina\u00e7\u00e3o da laguna. Pesquisadores denunciaram a omiss\u00e3o do INEA (Instituto Estadual do Ambiente), que, segundo eles, tem fingido fazer dragagens, enquanto a qualidade da \u00e1gua segue se deteriorando. Lideran\u00e7as locais tamb\u00e9m acusaram a aus\u00eancia de fiscaliza\u00e7\u00e3o sobre loteamentos irregulares em \u00e1reas de prote\u00e7\u00e3o ambiental e a especula\u00e7\u00e3o descontrolada alimentada pelo turismo predat\u00f3rio.<\/p>\n\n\n\n<p>Al\u00e9m da contund\u00eancia nas den\u00fancias, a visita dos parlamentares tamb\u00e9m foi marcada pela emo\u00e7\u00e3o e mem\u00f3ria afetiva. Ambos t\u00eam la\u00e7os pessoais com a regi\u00e3o, onde passaram boa parte da inf\u00e2ncia e juventude. Yuri Moura recordou os ver\u00f5es em Araruama, Cabo Frio e S\u00e3o Pedro da Aldeia. \u201cEu por v\u00e1rias vezes passei f\u00e9rias e feriados na Praia do Barbudo. Tenho lembran\u00e7as lindas dessa regi\u00e3o, da conviv\u00eancia com pescadores, com moradores, com o povo que constr\u00f3i essa hist\u00f3ria. A primeira praia que meu filho conheceu foi em Arraial. Isso n\u00e3o \u00e9 apenas uma pauta de mandato. \u00c9 uma pauta de vida\u201d, afirmou.<\/p>\n\n\n\n<p>Henrique Vieira tamb\u00e9m compartilhou lembran\u00e7as afetivas. \u201cPassei muitas f\u00e9rias da inf\u00e2ncia e adolesc\u00eancia em S\u00e3o Pedro da Aldeia e Iguaba, com familiares. Brincava nas pra\u00e7as, jogava bola na Praia do Forte, fui muito feliz aqui. Essa regi\u00e3o est\u00e1 na minha mem\u00f3ria, na minha identidade. Mas mesmo que n\u00e3o estivesse, nosso compromisso seria o mesmo: lutar por justi\u00e7a ambiental e pela dignidade do povo que vive aqui\u201d, finalizou o deputado federal.<\/p>\n\n\n\n<p>Mais informa\u00e7\u00f5es podem ser obtidas atrav\u00e9s do Facebook, Instagram e YouTube @yurimourarj, bem como do WhatsApp (24) 99955-2730.<\/p>\n","protected":false},"excerpt":{"rendered":"<p>Mandatos, pesquisadores, pescadores e ambientalistas denunciam crimes ambientais e cobram responsabiliza\u00e7\u00e3o de \u00f3rg\u00e3os p\u00fablicos e<\/p>\n","protected":false},"author":1,"featured_media":45729,"comment_status":"closed","ping_status":"open","sticky":false,"template":"","format":"standard","meta":{"spay_email":"","footnotes":"","jetpack_publicize_message":""},"categories":[5],"tags":[],"jetpack_featured_media_url":"https:\/\/i0.wp.com\/jornaldeitaipava.com.br\/wp-content\/uploads\/2025\/05\/WhatsApp-Image-2025-05-12-at-11.23.25.jpeg?fit=1600%2C1200&ssl=1","jetpack_publicize_connections":[],"jetpack_sharing_enabled":true,"jetpack_likes_enabled":true,"jetpack-related-posts":[],"_links":{"self":[{"href":"https:\/\/jornaldeitaipava.com.br\/index.php\/wp-json\/wp\/v2\/posts\/45728"}],"collection":[{"href":"https:\/\/jornaldeitaipava.com.br\/index.php\/wp-json\/wp\/v2\/posts"}],"about":[{"href":"https:\/\/jornaldeitaipava.com.br\/index.php\/wp-json\/wp\/v2\/types\/post"}],"author":[{"embeddable":true,"href":"https:\/\/jornaldeitaipava.com.br\/index.php\/wp-json\/wp\/v2\/users\/1"}],"replies":[{"embeddable":true,"href":"https:\/\/jornaldeitaipava.com.br\/index.php\/wp-json\/wp\/v2\/comments?post=45728"}],"version-history":[{"count":1,"href":"https:\/\/jornaldeitaipava.com.br\/index.php\/wp-json\/wp\/v2\/posts\/45728\/revisions"}],"predecessor-version":[{"id":45730,"href":"https:\/\/jornaldeitaipava.com.br\/index.php\/wp-json\/wp\/v2\/posts\/45728\/revisions\/45730"}],"wp:featuredmedia":[{"embeddable":true,"href":"https:\/\/jornaldeitaipava.com.br\/index.php\/wp-json\/wp\/v2\/media\/45729"}],"wp:attachment":[{"href":"https:\/\/jornaldeitaipava.com.br\/index.php\/wp-json\/wp\/v2\/media?parent=45728"}],"wp:term":[{"taxonomy":"category","embeddable":true,"href":"https:\/\/jornaldeitaipava.com.br\/index.php\/wp-json\/wp\/v2\/categories?post=45728"},{"taxonomy":"post_tag","embeddable":true,"href":"https:\/\/jornaldeitaipava.com.br\/index.php\/wp-json\/wp\/v2\/tags?post=45728"}],"curies":[{"name":"wp","href":"https:\/\/api.w.org\/{rel}","templated":true}]}}