{"id":45731,"date":"2025-05-12T16:36:10","date_gmt":"2025-05-12T19:36:10","guid":{"rendered":"http:\/\/jornaldeitaipava.com.br\/?p=45731"},"modified":"2025-05-12T16:36:13","modified_gmt":"2025-05-12T19:36:13","slug":"sebrae-realiza-seminario-sobre-financiamento-a-inovacao-no-auditorio-do-serratec-em-petropolis","status":"publish","type":"post","link":"https:\/\/jornaldeitaipava.com.br\/index.php\/2025\/05\/12\/sebrae-realiza-seminario-sobre-financiamento-a-inovacao-no-auditorio-do-serratec-em-petropolis\/","title":{"rendered":"Sebrae realiza semin\u00e1rio sobre financiamento \u00e0 inova\u00e7\u00e3o no audit\u00f3rio do Serratec, em Petr\u00f3polis."},"content":{"rendered":"\n<p class=\"has-text-align-center\"><strong>No encontro, especialistas convidados apresentar\u00e3o oportunidades e caminhos para capta\u00e7\u00e3o de recursos e desenvolvimento sustent\u00e1vel.<\/strong><\/p>\n\n\n\n<p>Na pr\u00f3xima quarta-feira, 14, o Serratec sediar\u00e1 um evento fundamental para empreendedores da regi\u00e3o serrana que desejam transformar ideias em neg\u00f3cios inovadores. Promovido pelo Sebrae, o semin\u00e1rio &#8220;Fontes de Financiamento \u00e0 Inova\u00e7\u00e3o&#8221; acontecer\u00e1 no audit\u00f3rio do Parque Tecnol\u00f3gico, no bairro Quitandinha, das 8h \u00e0s 11h30, com entrada gratuita mediante inscri\u00e7\u00e3o.<br>O objetivo do encontro \u00e9 apresentar de forma pr\u00e1tica e estrat\u00e9gica os caminhos dispon\u00edveis para que pequenos empres\u00e1rios e empreendedores acessem recursos e apoio voltados \u00e0 inova\u00e7\u00e3o. A programa\u00e7\u00e3o conta com especialistas do setor, que ir\u00e3o abordar os principais crit\u00e9rios para capta\u00e7\u00e3o de recursos, os diferenciais competitivos exigidos pelas institui\u00e7\u00f5es de fomento e como construir um planejamento s\u00f3lido para atrair investimentos.<br>O semin\u00e1rio oferece um welcome coffee aos participantes, e a programa\u00e7\u00e3o conta com palestras tem\u00e1ticas, como &#8220;Financiamento \u00e0 Inova\u00e7\u00e3o: \u00c9 para Voc\u00ea? \u00c9 a Hora Certa?&#8221;, que introduz os participantes ao universo das possibilidades de investimento em ideias inovadoras. Na sequ\u00eancia, um painel reunir\u00e1 representantes de diferentes institui\u00e7\u00f5es, como a Faperj, AGERIO e Embrapii, para discutir, de forma din\u00e2mica e acess\u00edvel, as oportunidades existentes para empresas de pequeno porte. O evento se encerra com uma sess\u00e3o interativa de perguntas e respostas, oferecendo aos participantes a chance de esclarecer d\u00favidas e buscar orienta\u00e7\u00f5es espec\u00edficas para seus neg\u00f3cios.<br>O semin\u00e1rio promete ser uma oportunidade decisiva para empres\u00e1rios que buscam crescimento sustent\u00e1vel, consciente e competitivo, indo al\u00e9m do financiamento e abordando a import\u00e2ncia da vis\u00e3o empreendedora e do planejamento estrat\u00e9gico. O Audit\u00f3rio do Serratec est\u00e1 localizado na Rua Afr\u00e2nio de Melo Franco, 333 \u2013 Quitandinha, Petr\u00f3polis.<\/p>\n\n\n\n<p>Para mais informa\u00e7\u00f5es e inscri\u00e7\u00f5es:&nbsp;<a href=\"http:\/\/serratec.org\/eventos\" target=\"_blank\" rel=\"noreferrer noopener\">serratec.org\/eventos<\/a><br><br><strong>Sobre o Serratec<\/strong><\/p>\n\n\n\n<p>O Serratec &#8211; Parque Tecnol\u00f3gico da Regi\u00e3o Serrana tem se destacado na lideran\u00e7a de um dos principais ecossistemas de tecnologia e inova\u00e7\u00e3o do interior do estado do Rio de Janeiro. Com a miss\u00e3o de transformar vidas atrav\u00e9s da inova\u00e7\u00e3o tecnol\u00f3gica, tem gerado resultados que impactam positivamente o desenvolvimento regional, indicando ser um vetor estrat\u00e9gico para o crescimento socioecon\u00f4mico da regi\u00e3o e do estado nas pr\u00f3ximas d\u00e9cadas. Consubstanciado no modelo de parque tecnol\u00f3gico urbano, aberto e distribu\u00eddo, o Serratec \u00e9 tamb\u00e9m uma Institui\u00e7\u00e3o de Ci\u00eancia e Tecnologia (ICT) privada, sem fins lucrativos e de interesse p\u00fablico, abrangendo os munic\u00edpios de Petr\u00f3polis, Teres\u00f3polis, Nova Friburgo e Areal. Estima-se que o setor regional seja formado por mais de 400 empresas de base tecnol\u00f3gica, que geram mais de cinco mil empregos e faturam mais de 1,1 bilh\u00e3o de reais por ano.&nbsp; O ecossistema do Parque \u00e9 liderado pelo setor empresarial e se beneficia da colabora\u00e7\u00e3o cont\u00ednua entre iniciativa privada, institui\u00e7\u00f5es acad\u00eamicas e de pesquisa, governo e comunidade local, o que tem levado \u00e0 cria\u00e7\u00e3o de parcerias estrat\u00e9gicas nacionais e internacionais. A sinergia entre esses atores fortalece o ciclo de inova\u00e7\u00e3o e o desenvolvimento de solu\u00e7\u00f5es que atendem tanto ao mercado interno quanto \u00e0s demandas globais, evidenciando como \u00e9 poss\u00edvel descentralizar o desenvolvimento tecnol\u00f3gico e tamb\u00e9m promover a inova\u00e7\u00e3o fora dos grandes centros urbanos. Dentre as iniciativas e resultados gerados pelo Serratec, destacam-se a forma\u00e7\u00e3o de profissionais digitais com impacto social, inova\u00e7\u00e3o tecnol\u00f3gica, crescimento de emprego qualificado e renda na regi\u00e3o, emerg\u00eancia de projetos inovadores multiparceiros, anima\u00e7\u00e3o do arranjo produtivo de tecnologia, novos neg\u00f3cios e competitividade, pesquisa, desenvolvimento e inova\u00e7\u00e3o (PD&amp;I) e fortalecimento do ecossistema regional com forte atua\u00e7\u00e3o em rede.<br><br><strong>Sobre o Sebrae:<\/strong><br><br>O Sebrae Rio \u2013 Servi\u00e7o de Apoio \u00e0s Micro e Pequenas Empresas no Estado do Rio de Janeiro \u2013 \u00e9 uma entidade privada sem fins lucrativos que tem como objetivo fomentar o empreendedorismo e a formaliza\u00e7\u00e3o de empresas, estimulando a gera\u00e7\u00e3o de emprego e renda, utilizando programas espec\u00edficos de desenvolvimento da cultura empreendedora e de capacita\u00e7\u00e3o empresarial. Com importante papel no crescimento econ\u00f4mico do estado, o Sebrae Rio desenvolve projetos de norte a sul do Rio de Janeiro. Suas a\u00e7\u00f5es levam em considera\u00e7\u00e3o as voca\u00e7\u00f5es econ\u00f4micas locais e incluem capacita\u00e7\u00e3o de empres\u00e1rios e suas equipes, educa\u00e7\u00e3o empreendedora, orienta\u00e7\u00e3o para abertura de neg\u00f3cios, est\u00edmulo \u00e0 inova\u00e7\u00e3o e difus\u00e3o de informa\u00e7\u00f5es e novas tecnologias, orienta\u00e7\u00e3o para o acesso ao cr\u00e9dito e eventos direcionados para a inser\u00e7\u00e3o em mercados nacionais e internacionais. Sua atua\u00e7\u00e3o est\u00e1 voltada para o fortalecimento das cadeias produtivas fluminenses, com foco na competitividade, na sustentabilidade e nos diferenciais competitivos que podem ajudar as micro e pequenas empresas a&nbsp;vencerem os crescentes desafios do mercado.<\/p>\n","protected":false},"excerpt":{"rendered":"<p>No encontro, especialistas convidados apresentar\u00e3o oportunidades e caminhos para capta\u00e7\u00e3o de recursos e desenvolvimento sustent\u00e1vel.<\/p>\n","protected":false},"author":1,"featured_media":32848,"comment_status":"closed","ping_status":"open","sticky":false,"template":"","format":"standard","meta":{"spay_email":"","footnotes":"","jetpack_publicize_message":""},"categories":[9],"tags":[],"jetpack_featured_media_url":"https:\/\/i0.wp.com\/jornaldeitaipava.com.br\/wp-content\/uploads\/2023\/01\/SERRATEC.png?fit=730%2C479&ssl=1","jetpack_publicize_connections":[],"jetpack_sharing_enabled":true,"jetpack_likes_enabled":true,"jetpack-related-posts":[],"_links":{"self":[{"href":"https:\/\/jornaldeitaipava.com.br\/index.php\/wp-json\/wp\/v2\/posts\/45731"}],"collection":[{"href":"https:\/\/jornaldeitaipava.com.br\/index.php\/wp-json\/wp\/v2\/posts"}],"about":[{"href":"https:\/\/jornaldeitaipava.com.br\/index.php\/wp-json\/wp\/v2\/types\/post"}],"author":[{"embeddable":true,"href":"https:\/\/jornaldeitaipava.com.br\/index.php\/wp-json\/wp\/v2\/users\/1"}],"replies":[{"embeddable":true,"href":"https:\/\/jornaldeitaipava.com.br\/index.php\/wp-json\/wp\/v2\/comments?post=45731"}],"version-history":[{"count":1,"href":"https:\/\/jornaldeitaipava.com.br\/index.php\/wp-json\/wp\/v2\/posts\/45731\/revisions"}],"predecessor-version":[{"id":45732,"href":"https:\/\/jornaldeitaipava.com.br\/index.php\/wp-json\/wp\/v2\/posts\/45731\/revisions\/45732"}],"wp:featuredmedia":[{"embeddable":true,"href":"https:\/\/jornaldeitaipava.com.br\/index.php\/wp-json\/wp\/v2\/media\/32848"}],"wp:attachment":[{"href":"https:\/\/jornaldeitaipava.com.br\/index.php\/wp-json\/wp\/v2\/media?parent=45731"}],"wp:term":[{"taxonomy":"category","embeddable":true,"href":"https:\/\/jornaldeitaipava.com.br\/index.php\/wp-json\/wp\/v2\/categories?post=45731"},{"taxonomy":"post_tag","embeddable":true,"href":"https:\/\/jornaldeitaipava.com.br\/index.php\/wp-json\/wp\/v2\/tags?post=45731"}],"curies":[{"name":"wp","href":"https:\/\/api.w.org\/{rel}","templated":true}]}}