{"id":45733,"date":"2025-05-12T16:38:48","date_gmt":"2025-05-12T19:38:48","guid":{"rendered":"http:\/\/jornaldeitaipava.com.br\/?p=45733"},"modified":"2025-05-12T16:38:52","modified_gmt":"2025-05-12T19:38:52","slug":"vem-ai-deguste-edicao-vira","status":"publish","type":"post","link":"https:\/\/jornaldeitaipava.com.br\/index.php\/2025\/05\/12\/vem-ai-deguste-edicao-vira\/","title":{"rendered":"Vem a\u00ed: Deguste edi\u00e7\u00e3o Vira"},"content":{"rendered":"\n<p>A 99\u00aa edi\u00e7\u00e3o da Deguste promete muita divers\u00e3o e esportes na Pra\u00e7a Visconde de Mau\u00e1: \u00e9 a edi\u00e7\u00e3o Vira que contar\u00e1 com apresenta\u00e7\u00f5es especiais como capoeira, Taekwondo e dan\u00e7a, al\u00e9m do projeto INcluir Petr\u00f3polis que far\u00e1 a entrega das medalhas (18 de maio) da 4\u00aa corrida anual de pessoas com defici\u00eancia no centro hist\u00f3rico &#8211; Os INcans\u00e1veis.<br>A dica \u00e9 anotar na agenda para n\u00e3o perder: dias 16, 17 e 18 de maio.<br>\u201cComo j\u00e1 \u00e9 tradicional, abrimos espa\u00e7o para que atletas da nossa cidade possam mostrar todo o talento e fortalecer a import\u00e2ncia da pr\u00e1tica esportiva para a sa\u00fade. Al\u00e9m disso, o p\u00fablico poder\u00e1 conferir todos os destaques das cervejarias petropolitanas e novidades da gastronomia\u201d, afirma o idealizador da Deguste, Rodrigo Duarte.<\/p>\n\n\n\n<p>A programa\u00e7\u00e3o musical tamb\u00e9m promete com shows ecl\u00e9ticos.<br>\u201cAnima\u00e7\u00e3o total no ambiente acolhedor, seguro e musical. Ser\u00e1 uma edi\u00e7\u00e3o linda e esperamos todos nesta 99\u00aa edi\u00e7\u00e3o\u201d, convoca a produtora da Deguste, Gabrielle Rosendo.<\/p>\n\n\n\n<p><strong>Confira a programa\u00e7\u00e3o musical:<\/strong><\/p>\n\n\n\n<ul>\n<li>Sexta-feira &#8211; 16\/05:<br>20h30 &#8211; Gustavo e Frederico (Sertanejo)<\/li>\n\n\n\n<li>S\u00e1bado &#8211; 17\/05:<br>Palco Deguste &#8211; 15h30 &#8211; Bebel e Eles (MPB)<br>Palco Deguste &#8211; 18h &#8211; Arcade (Pop 80\/90)<br>Truck &#8211; 19h30 &#8211; Banda Chilli (Pop)<br>Palco Deguste &#8211; 21h &#8211; Rock Revival (Classic Rock)<\/li>\n\n\n\n<li>Domingo \u221218\/05:<br>Truck &#8211; 14h &#8211; Rafa Rodrigues (Pop)<br>Palco Deguste &#8211; 15h30 &#8211; Juninho Martins (Samba)<br>Palco Deguste &#8211; 18h &#8211; SouS (Pop\/Rock)<\/li>\n<\/ul>\n\n\n\n<p>Todas as novidades poder\u00e3o ser conferidas no Instagram oficial: @feiradeguste<\/p>\n\n\n\n<p>Servi\u00e7o<br>Deguste edi\u00e7\u00e3o Vira<br>Dias: 16 de maio a partir das 18h<br>17 de maio &#8211; 11h<br>18 de maio &#8211; 11h<br>Local: Pra\u00e7a Visconde de Mau\u00e1<\/p>\n","protected":false},"excerpt":{"rendered":"<p>A 99\u00aa edi\u00e7\u00e3o da Deguste promete muita divers\u00e3o e esportes na Pra\u00e7a Visconde de Mau\u00e1:<\/p>\n","protected":false},"author":1,"featured_media":43114,"comment_status":"closed","ping_status":"open","sticky":false,"template":"","format":"standard","meta":{"spay_email":"","footnotes":"","jetpack_publicize_message":""},"categories":[42],"tags":[],"jetpack_featured_media_url":"https:\/\/i0.wp.com\/jornaldeitaipava.com.br\/wp-content\/uploads\/2024\/12\/Reproducao_Insta_Deguste.jpeg?fit=1080%2C1126&ssl=1","jetpack_publicize_connections":[],"jetpack_sharing_enabled":true,"jetpack_likes_enabled":true,"jetpack-related-posts":[],"_links":{"self":[{"href":"https:\/\/jornaldeitaipava.com.br\/index.php\/wp-json\/wp\/v2\/posts\/45733"}],"collection":[{"href":"https:\/\/jornaldeitaipava.com.br\/index.php\/wp-json\/wp\/v2\/posts"}],"about":[{"href":"https:\/\/jornaldeitaipava.com.br\/index.php\/wp-json\/wp\/v2\/types\/post"}],"author":[{"embeddable":true,"href":"https:\/\/jornaldeitaipava.com.br\/index.php\/wp-json\/wp\/v2\/users\/1"}],"replies":[{"embeddable":true,"href":"https:\/\/jornaldeitaipava.com.br\/index.php\/wp-json\/wp\/v2\/comments?post=45733"}],"version-history":[{"count":1,"href":"https:\/\/jornaldeitaipava.com.br\/index.php\/wp-json\/wp\/v2\/posts\/45733\/revisions"}],"predecessor-version":[{"id":45734,"href":"https:\/\/jornaldeitaipava.com.br\/index.php\/wp-json\/wp\/v2\/posts\/45733\/revisions\/45734"}],"wp:featuredmedia":[{"embeddable":true,"href":"https:\/\/jornaldeitaipava.com.br\/index.php\/wp-json\/wp\/v2\/media\/43114"}],"wp:attachment":[{"href":"https:\/\/jornaldeitaipava.com.br\/index.php\/wp-json\/wp\/v2\/media?parent=45733"}],"wp:term":[{"taxonomy":"category","embeddable":true,"href":"https:\/\/jornaldeitaipava.com.br\/index.php\/wp-json\/wp\/v2\/categories?post=45733"},{"taxonomy":"post_tag","embeddable":true,"href":"https:\/\/jornaldeitaipava.com.br\/index.php\/wp-json\/wp\/v2\/tags?post=45733"}],"curies":[{"name":"wp","href":"https:\/\/api.w.org\/{rel}","templated":true}]}}