{"id":45736,"date":"2025-05-12T17:00:34","date_gmt":"2025-05-12T20:00:34","guid":{"rendered":"http:\/\/jornaldeitaipava.com.br\/?p=45736"},"modified":"2025-05-12T17:00:37","modified_gmt":"2025-05-12T20:00:37","slug":"governo-do-estado-inicia-obra-de-restauro-do-palacete-do-parque-lage","status":"publish","type":"post","link":"https:\/\/jornaldeitaipava.com.br\/index.php\/2025\/05\/12\/governo-do-estado-inicia-obra-de-restauro-do-palacete-do-parque-lage\/","title":{"rendered":"Governo do Estado inicia obra de restauro do Palacete do Parque Lage"},"content":{"rendered":"\n<p>A movimenta\u00e7\u00e3o de pessoas e maquin\u00e1rios j\u00e1 pode ser observada no canteiro de obras instalado no Parque Lage. Uma das atra\u00e7\u00f5es tur\u00edsticas mais visitadas no Rio est\u00e1 passando pela primeira reforma ap\u00f3s quase cem anos. O Governo do Estado, por meio da Secretaria de Infraestrutura e Obras P\u00fablicas (Seiop), deu in\u00edcio ao restauro do Palacete que abriga a Escola de Artes Visuais do Parque Lage (EAV)- um dos mais importantes patrim\u00f4nios hist\u00f3ricos e culturais do pa\u00eds. O investimento \u00e9 de R$ 21,4 milh\u00f5es.<\/p>\n\n\n\n<p>O projeto prev\u00ea a recupera\u00e7\u00e3o estrutural do edif\u00edcio tombado, al\u00e9m de melhorias na acessibilidade, ilumina\u00e7\u00e3o, instala\u00e7\u00f5es el\u00e9tricas e hidr\u00e1ulicas, climatiza\u00e7\u00e3o e sistema de combate a inc\u00eandios. A interven\u00e7\u00e3o tem dura\u00e7\u00e3o prevista de at\u00e9 480 dias, com prazo de conclus\u00e3o estimado em junho de 2026.<\/p>\n\n\n\n<p>&#8211; O restauro do Palacete do Parque Lage \u00e9 mais do que uma obra f\u00edsica \u2014 \u00e9 um gesto de respeito \u00e0 nossa hist\u00f3ria, \u00e0 arte e \u00e0 cultura do povo fluminense. Investir nesse espa\u00e7o \u00e9 garantir que futuras gera\u00e7\u00f5es possam vivenciar a beleza e o valor simb\u00f3lico de um dos maiores patrim\u00f4nios do nosso estado &#8211; declarou o governador Cl\u00e1udio Castro.&nbsp;<\/p>\n\n\n\n<p>Nesta segunda (12\/05), ter\u00e1 in\u00edcio o processo de restauro do Palacete com a lavagem da fachada. A partir do dia 29 de maio as visitas ser\u00e3o suspensas, assim como o funcionamento do restaurante e das lojas localizadas em seu interior. No entanto, as visitas \u00e0 \u00e1rea verde do Parque Lage permanecer\u00e3o abertas ao p\u00fablico, uma vez que as obras se concentram exclusivamente no Palacete e em \u00e1reas imediatamente adjacentes.<\/p>\n\n\n\n<p>&#8211; O Parque Lage \u00e9 uma constru\u00e7\u00e3o emblem\u00e1tica, que faz parte do Rio desde a \u00e9poca do Brasil Col\u00f4nia e, apenas no ano passado, recebeu cerca de 1,3 milh\u00e3o de visitantes. Com a reforma, as pessoas v\u00e3o poder aproveitar um espa\u00e7o ainda mais bonito e acess\u00edvel. Deixar esse local revitalizado \u00e9 garantir a manuten\u00e7\u00e3o da mem\u00f3ria fluminense &#8211; ressalta a secret\u00e1ria de Estado de Cultura e Economia Criativa, Danielle Barros.<\/p>\n\n\n\n<p>Para garantir a continuidade das atividades pedag\u00f3gicas durante o per\u00edodo de obras, a Escola de Artes Visuais ser\u00e1 transferida para o edif\u00edcio das Cavalari\u00e7as, a partir da primeira quinzena de junho. Estima-se uma breve interrup\u00e7\u00e3o das aulas, de aproximadamente uma semana, necess\u00e1ria para a adapta\u00e7\u00e3o dos espa\u00e7os.<\/p>\n\n\n\n<p><strong>Restauro e expans\u00e3o<\/strong><\/p>\n\n\n\n<p>A empresa respons\u00e1vel pelo restauro tamb\u00e9m realizar\u00e1 melhorias nas Cavalari\u00e7as, que passar\u00e3o por higieniza\u00e7\u00e3o geral e receber\u00e3o divis\u00f3rias internas para a cria\u00e7\u00e3o de cinco salas de aula. Os banheiros ser\u00e3o reformados, garantindo melhores condi\u00e7\u00f5es de uso.<\/p>\n\n\n\n<p>Tamb\u00e9m est\u00e3o previstos dois novos pontos de apoio: um quiosque de lanches para atender alunos e visitantes, e um quiosque para a loja de materiais art\u00edsticos, destinado ao atendimento dos alunos e professores.<\/p>\n\n\n\n<p>&#8211; O Parque Lage faz parte da mem\u00f3ria de muitas gera\u00e7\u00f5es. Eu mesmo j\u00e1 estive aqui diversas vezes com minha fam\u00edlia e sei como esse lugar encanta. Sinto muito orgulho de fazer parte dessa conquista, ver a reforma sair do papel e se tornar realidade. Preservar esse patrim\u00f4nio significa manter viva sua hist\u00f3ria e permitir que mais pessoas possam vivenciar a experi\u00eancia com mais conforto e seguran\u00e7a &#8211; conta o secret\u00e1rio de Estado de Infraestrutura e Obras P\u00fablicas, Uruan Andrade.<\/p>\n\n\n\n<p>O restauro do Palacete integra as a\u00e7\u00f5es comemorativas pelos 50 anos da Escola de Artes Visuais do Parque Lage, cuja programa\u00e7\u00e3o especial ser\u00e1 organizada por professores, alunos e funcion\u00e1rios ao longo do ano.<\/p>\n\n\n\n<p><strong>Sobre o Palacete<\/strong><\/p>\n\n\n\n<p>Al\u00e9m de abrigar todo acervo da Escola de Artes Visuais (EAV), o Palacete se consolidou como um dos marcos culturais da cidade. A revitaliza\u00e7\u00e3o inclui adapta\u00e7\u00f5es que permitir\u00e3o a circula\u00e7\u00e3o plena de pessoas com defici\u00eancia, idosos e visitantes com mobilidade reduzida, garantindo que todos possam aproveitar o espa\u00e7o. A obra busca tornar o local mais inclusivo, sem comprometer suas caracter\u00edsticas hist\u00f3ricas, com novas rampas, adequa\u00e7\u00e3o dos acessos e infraestrutura modernizada.<\/p>\n\n\n\n<p>Com a famosa piscina na \u00e1rea central com vista para o Cristo Redentor, um dos espa\u00e7os mais fotografados por turistas, o Palacete foi projetado no in\u00edcio do s\u00e9culo XX, e se destaca pela arquitetura ecl\u00e9tica e pelo papel central na difus\u00e3o das artes visuais. A restaura\u00e7\u00e3o realizada pela SEIOP garante que o espa\u00e7o seja modernizado sem perder suas caracter\u00edsticas originais, fortalecendo seu valor como patrim\u00f4nio hist\u00f3rico e ampliando seu potencial de uso para atividades educacionais e culturais.<\/p>\n\n\n\n<p>Atualmente, o Palacete conta com um acervo de mais de 10 mil livros sobre arte moderna e contempor\u00e2nea. Al\u00e9m do pr\u00e9dio, os visitantes do Parque Lage podem aproveitar outros pontos marcantes, como o lago, os jardins, as ilhas artificiais, o coreto e a gruta. O equipamento \u00e9 vinculado \u00e0 Secretaria de Estado de Cultura e Economia Criativa do Rio de Janeiro.<\/p>\n","protected":false},"excerpt":{"rendered":"<p>A movimenta\u00e7\u00e3o de pessoas e maquin\u00e1rios j\u00e1 pode ser observada no canteiro de obras instalado<\/p>\n","protected":false},"author":1,"featured_media":45737,"comment_status":"closed","ping_status":"open","sticky":false,"template":"","format":"standard","meta":{"spay_email":"","footnotes":"","jetpack_publicize_message":""},"categories":[5],"tags":[],"jetpack_featured_media_url":"https:\/\/i1.wp.com\/jornaldeitaipava.com.br\/wp-content\/uploads\/2025\/05\/parque-lage.jpeg?fit=1280%2C960&ssl=1","jetpack_publicize_connections":[],"jetpack_sharing_enabled":true,"jetpack_likes_enabled":true,"jetpack-related-posts":[],"_links":{"self":[{"href":"https:\/\/jornaldeitaipava.com.br\/index.php\/wp-json\/wp\/v2\/posts\/45736"}],"collection":[{"href":"https:\/\/jornaldeitaipava.com.br\/index.php\/wp-json\/wp\/v2\/posts"}],"about":[{"href":"https:\/\/jornaldeitaipava.com.br\/index.php\/wp-json\/wp\/v2\/types\/post"}],"author":[{"embeddable":true,"href":"https:\/\/jornaldeitaipava.com.br\/index.php\/wp-json\/wp\/v2\/users\/1"}],"replies":[{"embeddable":true,"href":"https:\/\/jornaldeitaipava.com.br\/index.php\/wp-json\/wp\/v2\/comments?post=45736"}],"version-history":[{"count":1,"href":"https:\/\/jornaldeitaipava.com.br\/index.php\/wp-json\/wp\/v2\/posts\/45736\/revisions"}],"predecessor-version":[{"id":45738,"href":"https:\/\/jornaldeitaipava.com.br\/index.php\/wp-json\/wp\/v2\/posts\/45736\/revisions\/45738"}],"wp:featuredmedia":[{"embeddable":true,"href":"https:\/\/jornaldeitaipava.com.br\/index.php\/wp-json\/wp\/v2\/media\/45737"}],"wp:attachment":[{"href":"https:\/\/jornaldeitaipava.com.br\/index.php\/wp-json\/wp\/v2\/media?parent=45736"}],"wp:term":[{"taxonomy":"category","embeddable":true,"href":"https:\/\/jornaldeitaipava.com.br\/index.php\/wp-json\/wp\/v2\/categories?post=45736"},{"taxonomy":"post_tag","embeddable":true,"href":"https:\/\/jornaldeitaipava.com.br\/index.php\/wp-json\/wp\/v2\/tags?post=45736"}],"curies":[{"name":"wp","href":"https:\/\/api.w.org\/{rel}","templated":true}]}}