{"id":45744,"date":"2025-05-13T10:59:30","date_gmt":"2025-05-13T13:59:30","guid":{"rendered":"http:\/\/jornaldeitaipava.com.br\/?p=45744"},"modified":"2025-05-13T10:59:33","modified_gmt":"2025-05-13T13:59:33","slug":"inss-notificara-beneficiarios-vitimas-de-descontos","status":"publish","type":"post","link":"https:\/\/jornaldeitaipava.com.br\/index.php\/2025\/05\/13\/inss-notificara-beneficiarios-vitimas-de-descontos\/","title":{"rendered":"INSS notificar\u00e1 benefici\u00e1rios v\u00edtimas de descontos"},"content":{"rendered":"\n<p>A&nbsp;<strong>partir desta ter\u00e7a-feira (13)<\/strong>, os&nbsp;<strong>aposentados e pensionistas que sofreram descontos em seus benef\u00edcios por meio de associa\u00e7\u00f5es&nbsp;ir\u00e3o receber uma notifica\u00e7\u00e3o do Instituto Nacional do Seguro Social (INSS)<\/strong>. A&nbsp;<strong>mensagem ser\u00e1 enviada pelo aplicativo&nbsp;<a href=\"https:\/\/meu.inss.gov.br\/#\/login\" target=\"_blank\" rel=\"noreferrer noopener\">Meu INSS<\/a><\/strong>.<img decoding=\"async\" src=\"https:\/\/i0.wp.com\/agenciabrasil.ebc.com.br\/ebc.png?w=640&#038;ssl=1\" data-recalc-dims=\"1\"><img decoding=\"async\" src=\"https:\/\/i2.wp.com\/agenciabrasil.ebc.com.br\/ebc.gif?w=640&#038;ssl=1\" data-recalc-dims=\"1\"><\/p>\n\n\n\n<p>Na mensagem,&nbsp;<strong>ir\u00e3o constar os descontos (valores) e os nomes das entidades<\/strong>.&nbsp;<\/p>\n\n\n\n<p>O<strong>&nbsp;aposentado ou pensionista que for notificado dever\u00e1 indicar se autorizou ou n\u00e3o o desconto j\u00e1 na quarta-feira (14).&nbsp;<\/strong>&nbsp;<\/p>\n\n\n\n<p>Se&nbsp;<strong>o benefici\u00e1rio informar que n\u00e3o autorizou<\/strong>,&nbsp;<strong>poder\u00e1 pedir o ressarcimento dos valores tamb\u00e9m na quarta-feira<\/strong>.&nbsp;<\/p>\n\n\n\n<p>No total, segundo o INSS,&nbsp;<strong>9 milh\u00f5es de benefici\u00e1rios receber\u00e3o a mensagem.<\/strong>&nbsp;<\/p>\n\n\n\n<p>Os&nbsp;<strong>aposentados e pensionistas v\u00edtimas de descontos n\u00e3o autorizados<\/strong>&nbsp;de mensalidades associativas&nbsp;<strong>ser\u00e3o ressarcidos pelos preju\u00edzos sofridos entre mar\u00e7o de 2020 e mar\u00e7o de 2025.<\/strong><\/p>\n\n\n\n<h2 class=\"wp-block-heading\">Alerta<\/h2>\n\n\n\n<p>O INSS alerta que:&nbsp;<\/p>\n\n\n\n<ul>\n<li><strong>A notifica\u00e7\u00e3o ser\u00e1 enviada somente pelo aplicativo Meu INSS<\/strong><\/li>\n\n\n\n<li><strong>N\u00e3o haver\u00e1 contato por telefone, envio de SMS para celular. O INSS n\u00e3o tem intermedi\u00e1rios.&nbsp;<\/strong><\/li>\n\n\n\n<li><strong>Em caso de d\u00favida, ligue para central de teleatendimento 135. A central funcional de segunda a s\u00e1bado, das 7h \u00e0s 22h.&nbsp;<\/strong><\/li>\n\n\n\n<li><strong>Acesse&nbsp;o aplicativo Meu INSS para facilitar que as notifica\u00e7\u00f5es apare\u00e7am automaticamente em seu celular.&nbsp;<\/strong><\/li>\n<\/ul>\n\n\n\n<h2 class=\"wp-block-heading\">Como ser\u00e1 o reembolso<\/h2>\n\n\n\n<p>Assim que o benefici\u00e1rio informar que n\u00e3o autorizou o desconto, o&nbsp;<strong>INSS ir\u00e1 acionar a associa\u00e7\u00e3o para que fa\u00e7a o pagamento e apresente documenta\u00e7\u00e3o<\/strong>.<\/p>\n\n\n\n<p>O instituto informa que o&nbsp;<strong>aposentado e pensionista n\u00e3o precisa apresentar qualquer documento<\/strong>.<\/p>\n\n\n\n<p>A associa\u00e7\u00e3o ter\u00e1 15 dias \u00fateis para fazer o pagamento. As que n\u00e3o realizarem ser\u00e3o acionadas judicialmente.&nbsp;<\/p>\n\n\n\n<p><em>* Com informa\u00e7\u00f5es do INSS e Ag\u00eancia Gov<\/em><\/p>\n","protected":false},"excerpt":{"rendered":"<p>A&nbsp;partir desta ter\u00e7a-feira (13), os&nbsp;aposentados e pensionistas que sofreram descontos em seus benef\u00edcios por meio<\/p>\n","protected":false},"author":1,"featured_media":17075,"comment_status":"closed","ping_status":"open","sticky":false,"template":"","format":"standard","meta":{"spay_email":"","footnotes":"","jetpack_publicize_message":""},"categories":[2],"tags":[],"jetpack_featured_media_url":"https:\/\/i0.wp.com\/jornaldeitaipava.com.br\/wp-content\/uploads\/2021\/07\/meu-inss.png?fit=889%2C483&ssl=1","jetpack_publicize_connections":[],"jetpack_sharing_enabled":true,"jetpack_likes_enabled":true,"jetpack-related-posts":[],"_links":{"self":[{"href":"https:\/\/jornaldeitaipava.com.br\/index.php\/wp-json\/wp\/v2\/posts\/45744"}],"collection":[{"href":"https:\/\/jornaldeitaipava.com.br\/index.php\/wp-json\/wp\/v2\/posts"}],"about":[{"href":"https:\/\/jornaldeitaipava.com.br\/index.php\/wp-json\/wp\/v2\/types\/post"}],"author":[{"embeddable":true,"href":"https:\/\/jornaldeitaipava.com.br\/index.php\/wp-json\/wp\/v2\/users\/1"}],"replies":[{"embeddable":true,"href":"https:\/\/jornaldeitaipava.com.br\/index.php\/wp-json\/wp\/v2\/comments?post=45744"}],"version-history":[{"count":1,"href":"https:\/\/jornaldeitaipava.com.br\/index.php\/wp-json\/wp\/v2\/posts\/45744\/revisions"}],"predecessor-version":[{"id":45745,"href":"https:\/\/jornaldeitaipava.com.br\/index.php\/wp-json\/wp\/v2\/posts\/45744\/revisions\/45745"}],"wp:featuredmedia":[{"embeddable":true,"href":"https:\/\/jornaldeitaipava.com.br\/index.php\/wp-json\/wp\/v2\/media\/17075"}],"wp:attachment":[{"href":"https:\/\/jornaldeitaipava.com.br\/index.php\/wp-json\/wp\/v2\/media?parent=45744"}],"wp:term":[{"taxonomy":"category","embeddable":true,"href":"https:\/\/jornaldeitaipava.com.br\/index.php\/wp-json\/wp\/v2\/categories?post=45744"},{"taxonomy":"post_tag","embeddable":true,"href":"https:\/\/jornaldeitaipava.com.br\/index.php\/wp-json\/wp\/v2\/tags?post=45744"}],"curies":[{"name":"wp","href":"https:\/\/api.w.org\/{rel}","templated":true}]}}