{"id":45748,"date":"2025-05-13T11:44:32","date_gmt":"2025-05-13T14:44:32","guid":{"rendered":"http:\/\/jornaldeitaipava.com.br\/?p=45748"},"modified":"2025-05-13T11:44:35","modified_gmt":"2025-05-13T14:44:35","slug":"prefeitura-inicia-discussoes-do-plano-inverno-2025","status":"publish","type":"post","link":"https:\/\/jornaldeitaipava.com.br\/index.php\/2025\/05\/13\/prefeitura-inicia-discussoes-do-plano-inverno-2025\/","title":{"rendered":"Prefeitura inicia discuss\u00f5es do Plano Inverno 2025"},"content":{"rendered":"\n<p class=\"has-text-align-center\"><strong>Documento ser\u00e1 apresentado na reuni\u00e3o do Conselho Municipal de Prote\u00e7\u00e3o e Defesa Civil<\/strong><\/p>\n\n\n\n<p>O Plano de Conting\u00eancia para o Inverno 2025 come\u00e7a a ser debatido nesta quinta-feira (15\/05) em reuni\u00e3o extraordin\u00e1ria do Conselho Municipal de Prote\u00e7\u00e3o e Defesa Civil (Compdec). O encontro \u00e9 aberto a sociedade civil e acontece a partir das 18h na Casa dos Conselhos Municipais Augusto Angelo Zanatta.<\/p>\n\n\n\n<p>O objetivo \u00e9 apresentar as diretrizes iniciais do plano e colher contribui\u00e7\u00f5es para o aprimoramento do Plano Inverno 2025. O documento orienta as a\u00e7\u00f5es de preven\u00e7\u00e3o, prepara\u00e7\u00e3o e resposta do munic\u00edpio frente a situa\u00e7\u00f5es t\u00edpicas do per\u00edodo de inverno, como as ocorr\u00eancias de fogo em vegeta\u00e7\u00e3o e estiagem.<\/p>\n\n\n\n<p>\u201cA apresenta\u00e7\u00e3o do plano ao conselho \u00e9 uma etapa importante, pois abre espa\u00e7o para a participa\u00e7\u00e3o ativa da sociedade civil na constru\u00e7\u00e3o de pol\u00edticas p\u00fablicas. Queremos ouvir sugest\u00f5es e fortalecer o trabalho conjunto entre poder p\u00fablico e comunidade\u201d, comentou o secret\u00e1rio de Prote\u00e7\u00e3o e Defesa Civil, Guilherme Moraes.<\/p>\n\n\n\n<p>Al\u00e9m da sociedade civil tamb\u00e9m participam da constru\u00e7\u00e3o do Plano de Conting\u00eancia para o Inverno 2025 \u00f3rg\u00e3os como o Corpo de Bombeiros, ICMBio, Instituto Estadual do Ambiente (Inea) e \u00c1guas do Imperador. \u201cVamos trabalhar de forma integrada, entre os diferentes setores para atuarmos na mitiga\u00e7\u00e3o dos efeitos da estiagem\u201d, ressaltou o secret\u00e1rio de Meio Ambiente, Pedro Alc\u00e2ntara.<\/p>\n","protected":false},"excerpt":{"rendered":"<p>Documento ser\u00e1 apresentado na reuni\u00e3o do Conselho Municipal de Prote\u00e7\u00e3o e Defesa Civil O Plano<\/p>\n","protected":false},"author":1,"featured_media":13750,"comment_status":"closed","ping_status":"open","sticky":false,"template":"","format":"standard","meta":{"spay_email":"","footnotes":"","jetpack_publicize_message":""},"categories":[2],"tags":[],"jetpack_featured_media_url":"https:\/\/i0.wp.com\/jornaldeitaipava.com.br\/wp-content\/uploads\/2021\/04\/PALACIO-SERGIO-FADEL.jpg?fit=513%2C299&ssl=1","jetpack_publicize_connections":[],"jetpack_sharing_enabled":true,"jetpack_likes_enabled":true,"jetpack-related-posts":[],"_links":{"self":[{"href":"https:\/\/jornaldeitaipava.com.br\/index.php\/wp-json\/wp\/v2\/posts\/45748"}],"collection":[{"href":"https:\/\/jornaldeitaipava.com.br\/index.php\/wp-json\/wp\/v2\/posts"}],"about":[{"href":"https:\/\/jornaldeitaipava.com.br\/index.php\/wp-json\/wp\/v2\/types\/post"}],"author":[{"embeddable":true,"href":"https:\/\/jornaldeitaipava.com.br\/index.php\/wp-json\/wp\/v2\/users\/1"}],"replies":[{"embeddable":true,"href":"https:\/\/jornaldeitaipava.com.br\/index.php\/wp-json\/wp\/v2\/comments?post=45748"}],"version-history":[{"count":1,"href":"https:\/\/jornaldeitaipava.com.br\/index.php\/wp-json\/wp\/v2\/posts\/45748\/revisions"}],"predecessor-version":[{"id":45749,"href":"https:\/\/jornaldeitaipava.com.br\/index.php\/wp-json\/wp\/v2\/posts\/45748\/revisions\/45749"}],"wp:featuredmedia":[{"embeddable":true,"href":"https:\/\/jornaldeitaipava.com.br\/index.php\/wp-json\/wp\/v2\/media\/13750"}],"wp:attachment":[{"href":"https:\/\/jornaldeitaipava.com.br\/index.php\/wp-json\/wp\/v2\/media?parent=45748"}],"wp:term":[{"taxonomy":"category","embeddable":true,"href":"https:\/\/jornaldeitaipava.com.br\/index.php\/wp-json\/wp\/v2\/categories?post=45748"},{"taxonomy":"post_tag","embeddable":true,"href":"https:\/\/jornaldeitaipava.com.br\/index.php\/wp-json\/wp\/v2\/tags?post=45748"}],"curies":[{"name":"wp","href":"https:\/\/api.w.org\/{rel}","templated":true}]}}