{"id":45822,"date":"2025-05-17T16:16:37","date_gmt":"2025-05-17T19:16:37","guid":{"rendered":"http:\/\/jornaldeitaipava.com.br\/?p=45822"},"modified":"2025-05-17T16:16:41","modified_gmt":"2025-05-17T19:16:41","slug":"festa-do-tomate-agita-paty-do-alferes-a-partir-do-dia-21","status":"publish","type":"post","link":"https:\/\/jornaldeitaipava.com.br\/index.php\/2025\/05\/17\/festa-do-tomate-agita-paty-do-alferes-a-partir-do-dia-21\/","title":{"rendered":"Festa do Tomate agita Paty do Alferes a partir do dia 21"},"content":{"rendered":"\n<p>A tradicional Festa do Tomate de Paty do Alferes chega \u00e0 sua 35\u00aa edi\u00e7\u00e3o em 2025, prometendo movimentar o munic\u00edpio fluminense entre os dias 21 e 25 de maio. O evento, que se consolidou como o maior do interior do estado do Rio de Janeiro, acontecer\u00e1 no Parque de Exposi\u00e7\u00f5es Amaury Monteiro Pullig, no distrito de Avelar, e contar\u00e1 com uma programa\u00e7\u00e3o diversificada que inclui shows de grandes nomes da m\u00fasica nacional, atra\u00e7\u00f5es culturais, concursos e atividades para toda a fam\u00edlia. <\/p>\n\n\n\n<p>A programa\u00e7\u00e3o musical deste ano traz artistas renomados como Z\u00e9 Neto &amp; Cristiano e Bruno &amp; Marrone, que se apresentam na sexta-feira (23), al\u00e9m de L\u00e9o Santana e Dennis DJ, que comandar\u00e3o o s\u00e1bado (24). Outros destaques incluem o Grupo Pixote, Felipe Ara\u00fajo, Biu do Piseiro, Jefferson &amp; Suellen e a Pastora Cristiana Duarte. Tr\u00eas das cinco noites ter\u00e3o entrada gratuita: quarta-feira (21), quinta-feira (22) e domingo (25), democratizando o acesso ao evento. <\/p>\n\n\n\n<p>Al\u00e9m dos shows, a Festa do Tomate oferece uma variedade de atra\u00e7\u00f5es culturais e gastron\u00f4micas, como concursos de gado leiteiro, exposi\u00e7\u00e3o agr\u00edcola, feira de artesanato, parque de divers\u00f5es e a tradicional &#8220;fazendinha&#8221;, voltada para o p\u00fablico infantil. Destacam-se tamb\u00e9m o Concurso Regional de Culin\u00e1ria do Tomate, que premiar\u00e1 o melhor prato com tomate como ingrediente principal, e o concurso para Rainha da Festa do Tomate, que abre o evento.<\/p>\n\n\n\n<p> Os ingressos para os dias pagos est\u00e3o dispon\u00edveis na Pra\u00e7a da Esta\u00e7\u00e3o e pelo site <a href=\"http:\/\/www.ingresse.com\">www.ingresse.com<\/a>, com a op\u00e7\u00e3o de meia-entrada solid\u00e1ria mediante a doa\u00e7\u00e3o de 1 kg de alimento n\u00e3o perec\u00edvel.<\/p>\n","protected":false},"excerpt":{"rendered":"<p>A tradicional Festa do Tomate de Paty do Alferes chega \u00e0 sua 35\u00aa edi\u00e7\u00e3o em<\/p>\n","protected":false},"author":1,"featured_media":45823,"comment_status":"closed","ping_status":"open","sticky":false,"template":"","format":"standard","meta":{"spay_email":"","footnotes":"","jetpack_publicize_message":""},"categories":[42],"tags":[],"jetpack_featured_media_url":"https:\/\/i1.wp.com\/jornaldeitaipava.com.br\/wp-content\/uploads\/2025\/05\/exposicaotomate-scaled.jpg?fit=2560%2C1707&ssl=1","jetpack_publicize_connections":[],"jetpack_sharing_enabled":true,"jetpack_likes_enabled":true,"jetpack-related-posts":[],"_links":{"self":[{"href":"https:\/\/jornaldeitaipava.com.br\/index.php\/wp-json\/wp\/v2\/posts\/45822"}],"collection":[{"href":"https:\/\/jornaldeitaipava.com.br\/index.php\/wp-json\/wp\/v2\/posts"}],"about":[{"href":"https:\/\/jornaldeitaipava.com.br\/index.php\/wp-json\/wp\/v2\/types\/post"}],"author":[{"embeddable":true,"href":"https:\/\/jornaldeitaipava.com.br\/index.php\/wp-json\/wp\/v2\/users\/1"}],"replies":[{"embeddable":true,"href":"https:\/\/jornaldeitaipava.com.br\/index.php\/wp-json\/wp\/v2\/comments?post=45822"}],"version-history":[{"count":1,"href":"https:\/\/jornaldeitaipava.com.br\/index.php\/wp-json\/wp\/v2\/posts\/45822\/revisions"}],"predecessor-version":[{"id":45824,"href":"https:\/\/jornaldeitaipava.com.br\/index.php\/wp-json\/wp\/v2\/posts\/45822\/revisions\/45824"}],"wp:featuredmedia":[{"embeddable":true,"href":"https:\/\/jornaldeitaipava.com.br\/index.php\/wp-json\/wp\/v2\/media\/45823"}],"wp:attachment":[{"href":"https:\/\/jornaldeitaipava.com.br\/index.php\/wp-json\/wp\/v2\/media?parent=45822"}],"wp:term":[{"taxonomy":"category","embeddable":true,"href":"https:\/\/jornaldeitaipava.com.br\/index.php\/wp-json\/wp\/v2\/categories?post=45822"},{"taxonomy":"post_tag","embeddable":true,"href":"https:\/\/jornaldeitaipava.com.br\/index.php\/wp-json\/wp\/v2\/tags?post=45822"}],"curies":[{"name":"wp","href":"https:\/\/api.w.org\/{rel}","templated":true}]}}