{"id":46900,"date":"2025-07-23T12:00:54","date_gmt":"2025-07-23T15:00:54","guid":{"rendered":"http:\/\/jornaldeitaipava.com.br\/?p=46900"},"modified":"2025-07-23T12:00:56","modified_gmt":"2025-07-23T15:00:56","slug":"jota-quest-e-fernanda-abreu-no-festival-sesc-de-inverno-movimenta-tres-rios","status":"publish","type":"post","link":"https:\/\/jornaldeitaipava.com.br\/index.php\/2025\/07\/23\/jota-quest-e-fernanda-abreu-no-festival-sesc-de-inverno-movimenta-tres-rios\/","title":{"rendered":"Jota Quest e Fernanda Abreu no Festival Sesc de Inverno movimenta Tr\u00eas Rios"},"content":{"rendered":"\n<p>A cidade de Tr\u00eas Rios ser\u00e1 palco de mais uma edi\u00e7\u00e3o do Festival Sesc de Inverno, um dos maiores eventos culturais do estado do Rio de Janeiro. A programa\u00e7\u00e3o gratuita come\u00e7a nesta sexta-feira, dia 25 de julho, e promete agitar o fim de semana com grandes nomes da m\u00fasica brasileira, na Avenida Prefeito Alberto Lavinas (Beira Rio).<br>Na sexta-feira (25), quem abre o festival \u00e9 a banda Jota Quest, com um repert\u00f3rio cheio de sucessos que marcaram gera\u00e7\u00f5es do pop rock nacional. No s\u00e1bado (26), \u00e9 a vez da ic\u00f4nica Fernanda Abreu subir ao palco, levando ao p\u00fablico toda sua energia, irrever\u00eancia e hits que atravessam d\u00e9cadas. Os shows come\u00e7am pontualmente \u00e0s 21h.<br>Realizado pelo Sesc RJ, em parceria com o Sicom\u00e9rcio Tr\u00eas Rios e a Prefeitura Municipal de Tr\u00eas Rios, por meio da Secretaria de Cultura e Turismo, o Festival refor\u00e7a o compromisso do poder p\u00fablico e das organiza\u00e7\u00f5es com a democratiza\u00e7\u00e3o do acesso \u00e0 cultura.<br>A recomenda\u00e7\u00e3o \u00e9 que o p\u00fablico chegue com anteced\u00eancia, opte pelo transporte p\u00fablico e aproveite o evento com tranquilidade. A entrada \u00e9 gratuita.<\/p>\n","protected":false},"excerpt":{"rendered":"<p>A cidade de Tr\u00eas Rios ser\u00e1 palco de mais uma edi\u00e7\u00e3o do Festival Sesc de<\/p>\n","protected":false},"author":1,"featured_media":46901,"comment_status":"closed","ping_status":"open","sticky":false,"template":"","format":"standard","meta":{"spay_email":"","footnotes":"","jetpack_publicize_message":""},"categories":[5],"tags":[],"jetpack_featured_media_url":"https:\/\/i2.wp.com\/jornaldeitaipava.com.br\/wp-content\/uploads\/2025\/07\/SESC-DE-INVERNO-2.jpeg?fit=700%2C429&ssl=1","jetpack_publicize_connections":[],"jetpack_sharing_enabled":true,"jetpack_likes_enabled":true,"jetpack-related-posts":[],"_links":{"self":[{"href":"https:\/\/jornaldeitaipava.com.br\/index.php\/wp-json\/wp\/v2\/posts\/46900"}],"collection":[{"href":"https:\/\/jornaldeitaipava.com.br\/index.php\/wp-json\/wp\/v2\/posts"}],"about":[{"href":"https:\/\/jornaldeitaipava.com.br\/index.php\/wp-json\/wp\/v2\/types\/post"}],"author":[{"embeddable":true,"href":"https:\/\/jornaldeitaipava.com.br\/index.php\/wp-json\/wp\/v2\/users\/1"}],"replies":[{"embeddable":true,"href":"https:\/\/jornaldeitaipava.com.br\/index.php\/wp-json\/wp\/v2\/comments?post=46900"}],"version-history":[{"count":1,"href":"https:\/\/jornaldeitaipava.com.br\/index.php\/wp-json\/wp\/v2\/posts\/46900\/revisions"}],"predecessor-version":[{"id":46902,"href":"https:\/\/jornaldeitaipava.com.br\/index.php\/wp-json\/wp\/v2\/posts\/46900\/revisions\/46902"}],"wp:featuredmedia":[{"embeddable":true,"href":"https:\/\/jornaldeitaipava.com.br\/index.php\/wp-json\/wp\/v2\/media\/46901"}],"wp:attachment":[{"href":"https:\/\/jornaldeitaipava.com.br\/index.php\/wp-json\/wp\/v2\/media?parent=46900"}],"wp:term":[{"taxonomy":"category","embeddable":true,"href":"https:\/\/jornaldeitaipava.com.br\/index.php\/wp-json\/wp\/v2\/categories?post=46900"},{"taxonomy":"post_tag","embeddable":true,"href":"https:\/\/jornaldeitaipava.com.br\/index.php\/wp-json\/wp\/v2\/tags?post=46900"}],"curies":[{"name":"wp","href":"https:\/\/api.w.org\/{rel}","templated":true}]}}