{"id":46903,"date":"2025-07-23T12:03:59","date_gmt":"2025-07-23T15:03:59","guid":{"rendered":"http:\/\/jornaldeitaipava.com.br\/?p=46903"},"modified":"2025-07-23T12:04:00","modified_gmt":"2025-07-23T15:04:00","slug":"araruama-wine-jazz-festival-2025-promete-agitar-a-cidade-com-musica-gastronomia-e-cultura","status":"publish","type":"post","link":"https:\/\/jornaldeitaipava.com.br\/index.php\/2025\/07\/23\/araruama-wine-jazz-festival-2025-promete-agitar-a-cidade-com-musica-gastronomia-e-cultura\/","title":{"rendered":"Araruama Wine Jazz Festival 2025 promete agitar a cidade com m\u00fasica, gastronomia e cultura"},"content":{"rendered":"\n<p>Araruama j\u00e1 est\u00e1 se preparando para mais uma edi\u00e7\u00e3o do Araruama Wine Jazz Festival, que acontece nos dias 25, 26 e 27 de julho, na Pra\u00e7a Menino Jo\u00e3o H\u00e9lio, no Centro. O evento \u2014 que j\u00e1 faz parte do calend\u00e1rio cultural da cidade \u2014 vai reunir grandes nomes da m\u00fasica nacional e internacional, chefs renomados, sommeliers e atra\u00e7\u00f5es para todos os gostos.<br>Ser\u00e3o tr\u00eas dias de shows, palestras, degusta\u00e7\u00f5es e aulas-show, unindo o melhor da m\u00fasica, da gastronomia e dos vinhos em um s\u00f3 lugar. Tudo isso em um espa\u00e7o aberto, pensado para receber moradores e turistas em um ambiente familiar e cheio de experi\u00eancias.<\/p>\n\n\n\n<p>Confira a programa\u00e7\u00e3o completa:<br><strong>SEXTA (25\/07)<br><\/strong>10h \u2014 Abertura do Evento (Stand Gastronomia)<br>11h \u2014 Palestra de Vinhos (Stand Gastronomia)<br>12h \u2014 Show: Black Jack (Stand Gastronomia)<br>13h30 \u2014 Palestra de Vinhos (Stand Gastronomia)<br>14h30 \u2014 Aula Show (Stand Aula Show)<br>16h \u2014 Aula Show (Stand Aula Show)<br>17h \u2014 Show: Gabriel Leite (Stand Gastronomia)<br>18h30 \u2014 Show: JAMZ (Stand Gastronomia)<br>20h \u2014 Show: Black Rio (Palco Principal)<br>21h30 \u2014 Show: Leon Beal (EUA) (Palco Principal)<br>23h \u2014 Show: Blue Beatles (Palco Principal)<\/p>\n\n\n\n<p><strong>S\u00c1BADO (26\/07)<br><\/strong>10h \u2014 In\u00edcio do Evento (Stand Gastronomia)<br>11h \u2014 Palestra de Vinhos (Stand Gastronomia)<br>12h \u2014 Show: Tri Jazz (Stand Gastronomia)<br>13h \u2014 Aula Show (Stand Aula Show)<br>14h \u2014 Palestra de Vinhos (Stand Gastronomia)<br>14h30 \u2014 Show: Blues Et\u00edlicos (Palco Orla)<br>15h \u2014 Aula Show (Stand Aula Show)<br>16h \u2014 Show: Cida Garcia (Stand Gastronomia)<br>17h \u2014 Aula Show com Chef K\u00e1tia Barbosa (Stand Aula Show)<br>18h30 \u2014 Show: Nico Rezende (Stand Gastronomia)<br>20h \u2014 Show: Tony Gordon (Palco Principal)<br>21h30 \u2014 Show: J.J. Thames (EUA) (Palco Principal)<br>23h \u2014 Show: Lorenzo Thompson (EUA) (Palco Principal)<\/p>\n\n\n\n<p><strong>DOMINGO (27\/07)<br><\/strong>10h \u2014 In\u00edcio do Evento (Stand Gastronomia)<br>11h \u2014 Aula Show (Stand Aula Show)<br>12h \u2014 Show: Beatles Club (Stand Gastronomia)<br>14h30 \u2014 Palestra de Vinhos (Stand Gastronomia)<br>14h30 \u2014 Show: Leo Gandelman (Palco Orla)<br>16h \u2014 Aula Show com Chef Jimmy Ogro (Stand Aula Show)<br>16h30 \u2014 Show: Luiza Jacques (Stand Gastronomia)<br>18h30 \u2014 Show: Dudu Lima, Victor Biglione e Marcos Ariel (Stand Gastronomia)<br>20h \u2014 Show: Rodrigo Suricato (Palco Principal)<br>21h30 \u2014 Show: Slam Allen (EUA) (Palco Principal)<\/p>\n","protected":false},"excerpt":{"rendered":"<p>Araruama j\u00e1 est\u00e1 se preparando para mais uma edi\u00e7\u00e3o do Araruama Wine Jazz Festival, que<\/p>\n","protected":false},"author":1,"featured_media":11150,"comment_status":"closed","ping_status":"open","sticky":false,"template":"","format":"standard","meta":{"spay_email":"","footnotes":"","jetpack_publicize_message":""},"categories":[5],"tags":[],"jetpack_featured_media_url":"https:\/\/i1.wp.com\/jornaldeitaipava.com.br\/wp-content\/uploads\/2021\/03\/araruama-2.jpg?fit=515%2C287&ssl=1","jetpack_publicize_connections":[],"jetpack_sharing_enabled":true,"jetpack_likes_enabled":true,"jetpack-related-posts":[],"_links":{"self":[{"href":"https:\/\/jornaldeitaipava.com.br\/index.php\/wp-json\/wp\/v2\/posts\/46903"}],"collection":[{"href":"https:\/\/jornaldeitaipava.com.br\/index.php\/wp-json\/wp\/v2\/posts"}],"about":[{"href":"https:\/\/jornaldeitaipava.com.br\/index.php\/wp-json\/wp\/v2\/types\/post"}],"author":[{"embeddable":true,"href":"https:\/\/jornaldeitaipava.com.br\/index.php\/wp-json\/wp\/v2\/users\/1"}],"replies":[{"embeddable":true,"href":"https:\/\/jornaldeitaipava.com.br\/index.php\/wp-json\/wp\/v2\/comments?post=46903"}],"version-history":[{"count":1,"href":"https:\/\/jornaldeitaipava.com.br\/index.php\/wp-json\/wp\/v2\/posts\/46903\/revisions"}],"predecessor-version":[{"id":46904,"href":"https:\/\/jornaldeitaipava.com.br\/index.php\/wp-json\/wp\/v2\/posts\/46903\/revisions\/46904"}],"wp:featuredmedia":[{"embeddable":true,"href":"https:\/\/jornaldeitaipava.com.br\/index.php\/wp-json\/wp\/v2\/media\/11150"}],"wp:attachment":[{"href":"https:\/\/jornaldeitaipava.com.br\/index.php\/wp-json\/wp\/v2\/media?parent=46903"}],"wp:term":[{"taxonomy":"category","embeddable":true,"href":"https:\/\/jornaldeitaipava.com.br\/index.php\/wp-json\/wp\/v2\/categories?post=46903"},{"taxonomy":"post_tag","embeddable":true,"href":"https:\/\/jornaldeitaipava.com.br\/index.php\/wp-json\/wp\/v2\/tags?post=46903"}],"curies":[{"name":"wp","href":"https:\/\/api.w.org\/{rel}","templated":true}]}}