{"id":46905,"date":"2025-07-23T12:06:53","date_gmt":"2025-07-23T15:06:53","guid":{"rendered":"http:\/\/jornaldeitaipava.com.br\/?p=46905"},"modified":"2025-07-23T12:06:55","modified_gmt":"2025-07-23T15:06:55","slug":"capacitacao-prepara-servidoras-para-auxiliar-mulheres-a-entrarem-no-mercado-de-trabalho","status":"publish","type":"post","link":"https:\/\/jornaldeitaipava.com.br\/index.php\/2025\/07\/23\/capacitacao-prepara-servidoras-para-auxiliar-mulheres-a-entrarem-no-mercado-de-trabalho\/","title":{"rendered":"Capacita\u00e7\u00e3o prepara servidoras para auxiliar mulheres a entrarem no mercado de trabalho"},"content":{"rendered":"\n<p>A Prefeitura vai promover capacita\u00e7\u00e3o para servidoras para auxiliar mulheres na cria\u00e7\u00e3o de curr\u00edculos e cadastro no Balc\u00e3o de Empregos do munic\u00edpio. A capacita\u00e7\u00e3o ser\u00e1 feita pela Secretaria de Direitos e Pol\u00edticas para as Mulheres e o Centro de Refer\u00eancia de Atendimento \u00e0 Mulher (Cram).<\/p>\n\n\n\n<p>O servi\u00e7o refor\u00e7a a liga\u00e7\u00e3o entre a Secretaria da Mulher e a Casa do Trabalhador. As mulheres atendidas tanto na Secretaria quanto no Cram tamb\u00e9m ser\u00e3o encaminhadas para se cadastrarem no Balc\u00e3o de Empregos.<\/p>\n\n\n\n<p>\u201cPara que uma mulher consiga sair de uma situa\u00e7\u00e3o de viol\u00eancia, n\u00e3o basta apenas prestar os primeiros atendimentos. \u00c9 necess\u00e1rio oferecer suporte completo e condi\u00e7\u00f5es reais para que ela possa romper o ciclo de vulnerabilidade em que se encontra\u201d, disse a secret\u00e1ria da Mulher, Ros\u00e2ngela Stumpf. \u201cEstamos oferecendo um servi\u00e7o que visa fortalecer cada vez mais a gera\u00e7\u00e3o de emprego e renda para o p\u00fablico feminino\u201d, finalizou.<\/p>\n\n\n\n<p>Servi\u00e7o:<\/p>\n\n\n\n<p>Secretaria da Mulher<br>Avenida Koeler, 87 &#8211; Centro<br>Segunda a sexta, das 9h \u00e0s 17h<\/p>\n\n\n\n<p>Cram<br>Rua Santos Dumont, 100 \u2013 Centro<br>(pr\u00e9dio anexo ao Centro de Sa\u00fade)<br>Segunda a sexta, das 9h \u00e0s 17h<\/p>\n","protected":false},"excerpt":{"rendered":"<p>A Prefeitura vai promover capacita\u00e7\u00e3o para servidoras para auxiliar mulheres na cria\u00e7\u00e3o de curr\u00edculos e<\/p>\n","protected":false},"author":1,"featured_media":16730,"comment_status":"closed","ping_status":"open","sticky":false,"template":"","format":"standard","meta":{"spay_email":"","footnotes":"","jetpack_publicize_message":""},"categories":[2],"tags":[],"jetpack_featured_media_url":"https:\/\/i0.wp.com\/jornaldeitaipava.com.br\/wp-content\/uploads\/2021\/06\/centro-saude.png?fit=453%2C283&ssl=1","jetpack_publicize_connections":[],"jetpack_sharing_enabled":true,"jetpack_likes_enabled":true,"jetpack-related-posts":[],"_links":{"self":[{"href":"https:\/\/jornaldeitaipava.com.br\/index.php\/wp-json\/wp\/v2\/posts\/46905"}],"collection":[{"href":"https:\/\/jornaldeitaipava.com.br\/index.php\/wp-json\/wp\/v2\/posts"}],"about":[{"href":"https:\/\/jornaldeitaipava.com.br\/index.php\/wp-json\/wp\/v2\/types\/post"}],"author":[{"embeddable":true,"href":"https:\/\/jornaldeitaipava.com.br\/index.php\/wp-json\/wp\/v2\/users\/1"}],"replies":[{"embeddable":true,"href":"https:\/\/jornaldeitaipava.com.br\/index.php\/wp-json\/wp\/v2\/comments?post=46905"}],"version-history":[{"count":1,"href":"https:\/\/jornaldeitaipava.com.br\/index.php\/wp-json\/wp\/v2\/posts\/46905\/revisions"}],"predecessor-version":[{"id":46906,"href":"https:\/\/jornaldeitaipava.com.br\/index.php\/wp-json\/wp\/v2\/posts\/46905\/revisions\/46906"}],"wp:featuredmedia":[{"embeddable":true,"href":"https:\/\/jornaldeitaipava.com.br\/index.php\/wp-json\/wp\/v2\/media\/16730"}],"wp:attachment":[{"href":"https:\/\/jornaldeitaipava.com.br\/index.php\/wp-json\/wp\/v2\/media?parent=46905"}],"wp:term":[{"taxonomy":"category","embeddable":true,"href":"https:\/\/jornaldeitaipava.com.br\/index.php\/wp-json\/wp\/v2\/categories?post=46905"},{"taxonomy":"post_tag","embeddable":true,"href":"https:\/\/jornaldeitaipava.com.br\/index.php\/wp-json\/wp\/v2\/tags?post=46905"}],"curies":[{"name":"wp","href":"https:\/\/api.w.org\/{rel}","templated":true}]}}