{"id":46910,"date":"2025-07-23T13:38:43","date_gmt":"2025-07-23T16:38:43","guid":{"rendered":"http:\/\/jornaldeitaipava.com.br\/?p=46910"},"modified":"2025-07-23T13:38:46","modified_gmt":"2025-07-23T16:38:46","slug":"assistente-social-da-appo-assume-presidencia-do-conselho-municipal-de-saude-de-petropolis","status":"publish","type":"post","link":"https:\/\/jornaldeitaipava.com.br\/index.php\/2025\/07\/23\/assistente-social-da-appo-assume-presidencia-do-conselho-municipal-de-saude-de-petropolis\/","title":{"rendered":"Assistente Social da APPO assume presid\u00eancia do Conselho Municipal de Sa\u00fade de Petr\u00f3polis"},"content":{"rendered":"\n<p class=\"has-text-align-center\"><strong>Eleita no \u00faltimo dia 22 de julho, Andr\u00e9a Teixeira e Freitas passa a liderar o principal \u00f3rg\u00e3o de controle social da sa\u00fade p\u00fablica no munic\u00edpio<\/strong><\/p>\n\n\n\n<p>A assistente social Andr\u00e9a Teixeira de Freitas, representante da Associa\u00e7\u00e3o Petropolitana dos Pacientes Oncol\u00f3gicos (APPO), foi eleita presidenta do Conselho Municipal de Sa\u00fade de Petr\u00f3polis ontem, ter\u00e7a-feira, 22 de julho. Com ampla experi\u00eancia na \u00e1rea da assist\u00eancia social e engajada na luta pelos direitos dos pacientes oncol\u00f3gicos, Andr\u00e9a assume a condu\u00e7\u00e3o do colegiado respons\u00e1vel por deliberar, fiscalizar e acompanhar as pol\u00edticas p\u00fablicas de sa\u00fade na cidade.<\/p>\n\n\n\n<p>Os conselhos municipais de sa\u00fade s\u00e3o espa\u00e7os institucionais de participa\u00e7\u00e3o popular, previstos pela Lei n\u00ba 8.142\/1990, que garantem \u00e0 sociedade civil o direito de interferir diretamente na formula\u00e7\u00e3o e no controle da execu\u00e7\u00e3o das pol\u00edticas p\u00fablicas do Sistema \u00danico de Sa\u00fade (SUS). Com car\u00e1ter deliberativo e permanente, o Conselho \u00e9 composto por representantes do poder p\u00fablico, dos trabalhadores da sa\u00fade, dos prestadores de servi\u00e7os e, em sua maioria, por usu\u00e1rios do SUS.<\/p>\n\n\n\n<p>A presid\u00eancia do Conselho \u00e9 uma fun\u00e7\u00e3o estrat\u00e9gica. Al\u00e9m de coordenar as reuni\u00f5es e os processos internos do colegiado, cabe \u00e0 presidenta representar o Conselho nas inst\u00e2ncias p\u00fablicas, promover o di\u00e1logo entre os diferentes segmentos da sociedade e zelar pelo cumprimento das decis\u00f5es aprovadas em plen\u00e1ria.<\/p>\n\n\n\n<p>Para a APPO, a elei\u00e7\u00e3o de Andr\u00e9a Teixeira representa n\u00e3o apenas o reconhecimento da sua trajet\u00f3ria como profissional comprometida com a sa\u00fade p\u00fablica, mas tamb\u00e9m o fortalecimento da participa\u00e7\u00e3o ativa da associa\u00e7\u00e3o nos espa\u00e7os de decis\u00e3o do munic\u00edpio. \u201cAcreditamos que a presen\u00e7a da APPO nesse lugar de escuta, fiscaliza\u00e7\u00e3o e proposi\u00e7\u00e3o de pol\u00edticas p\u00fablicas \u00e9 fundamental para garantir que os direitos dos pacientes oncol\u00f3gicos sejam respeitados e ampliados\u201d, afirma Cl\u00e9o de Marco, volunt\u00e1ria da APPO.<\/p>\n\n\n\n<p>Ao assumir a presid\u00eancia, Andr\u00e9a reafirma o compromisso de lutar por uma sa\u00fade p\u00fablica mais justa, acess\u00edvel e transparente. Sua atua\u00e7\u00e3o \u00e0 frente do Conselho promete priorizar o di\u00e1logo democr\u00e1tico e a fiscaliza\u00e7\u00e3o atenta dos servi\u00e7os ofertados pela Secretaria Municipal de Sa\u00fade, sempre com foco na defesa dos usu\u00e1rios do SUS.<\/p>\n\n\n\n<p>Informa\u00e7\u00f5es sobre a APPO ou como se tornar um parceiro e mudar a vida de algum paciente oncol\u00f3gico, podem ser obtidas na sede da APPO \u2013 Associa\u00e7\u00e3o Petropolitana dos Pacientes Oncol\u00f3gicos, localizada \u00e0 Rua Visconde da Penha, n\u00ba 72 &#8211; Centro \u2013 Petr\u00f3polis \u2013 RJ, por meio do telefone fixo (24) 2242-0956, do WhastsApp (24) 99274-1377, do site www.appo.org.br, do e-mail appo@appo.org.br ou ainda das m\u00eddias sociais Facebook @appo.org e Instagram @associacaopetropolitana.<\/p>\n\n\n\n<p><strong>SERVI\u00c7O<br><\/strong>Camisetas Outubro Rosa 2025 \u2013 APPO<br>Venda avulsa: R$ 30,00<br>Empresas: at\u00e9 100 unidades \u2014 R$ 25,00 \/ acima de 100 \u2014 R$ 23,00<br>Personaliza\u00e7\u00e3o: R$ 25,00 (para pedidos com menos de 30 camisas)<br>Formas de pagamento: Pix ou dep\u00f3sito banc\u00e1rio (50% no pedido, 50% na entrega)<br>Pix (e-mail): appo@appo.org.br<br>Banco Ita\u00fa | Ag\u00eancia: 9244 | Conta Corrente: 24940-6<br>Informa\u00e7\u00f5es e pedidos: (24) 99306-7471<\/p>\n\n\n\n<p>APPO \u2013 Associa\u00e7\u00e3o Petropolitana dos Pacientes Oncol\u00f3gicos<br>Rua Visconde da Penha, n\u00ba 72<br>Centro \u2013 Petr\u00f3polis \u2013 RJ<br>GoogleMaps: <a href=\"https:\/\/goo.gl\/maps\/AQi5dg1nkhJAUDea9\" target=\"_blank\" rel=\"noreferrer noopener\">https:\/\/goo.gl\/maps\/AQi5dg1nkhJAUDea9<\/a><\/p>\n","protected":false},"excerpt":{"rendered":"<p>Eleita no \u00faltimo dia 22 de julho, Andr\u00e9a Teixeira e Freitas passa a liderar o<\/p>\n","protected":false},"author":1,"featured_media":9177,"comment_status":"closed","ping_status":"open","sticky":false,"template":"","format":"standard","meta":{"spay_email":"","footnotes":"","jetpack_publicize_message":""},"categories":[2],"tags":[],"jetpack_featured_media_url":"https:\/\/i2.wp.com\/jornaldeitaipava.com.br\/wp-content\/uploads\/2021\/01\/APPO.jpg?fit=358%2C206&ssl=1","jetpack_publicize_connections":[],"jetpack_sharing_enabled":true,"jetpack_likes_enabled":true,"jetpack-related-posts":[],"_links":{"self":[{"href":"https:\/\/jornaldeitaipava.com.br\/index.php\/wp-json\/wp\/v2\/posts\/46910"}],"collection":[{"href":"https:\/\/jornaldeitaipava.com.br\/index.php\/wp-json\/wp\/v2\/posts"}],"about":[{"href":"https:\/\/jornaldeitaipava.com.br\/index.php\/wp-json\/wp\/v2\/types\/post"}],"author":[{"embeddable":true,"href":"https:\/\/jornaldeitaipava.com.br\/index.php\/wp-json\/wp\/v2\/users\/1"}],"replies":[{"embeddable":true,"href":"https:\/\/jornaldeitaipava.com.br\/index.php\/wp-json\/wp\/v2\/comments?post=46910"}],"version-history":[{"count":1,"href":"https:\/\/jornaldeitaipava.com.br\/index.php\/wp-json\/wp\/v2\/posts\/46910\/revisions"}],"predecessor-version":[{"id":46911,"href":"https:\/\/jornaldeitaipava.com.br\/index.php\/wp-json\/wp\/v2\/posts\/46910\/revisions\/46911"}],"wp:featuredmedia":[{"embeddable":true,"href":"https:\/\/jornaldeitaipava.com.br\/index.php\/wp-json\/wp\/v2\/media\/9177"}],"wp:attachment":[{"href":"https:\/\/jornaldeitaipava.com.br\/index.php\/wp-json\/wp\/v2\/media?parent=46910"}],"wp:term":[{"taxonomy":"category","embeddable":true,"href":"https:\/\/jornaldeitaipava.com.br\/index.php\/wp-json\/wp\/v2\/categories?post=46910"},{"taxonomy":"post_tag","embeddable":true,"href":"https:\/\/jornaldeitaipava.com.br\/index.php\/wp-json\/wp\/v2\/tags?post=46910"}],"curies":[{"name":"wp","href":"https:\/\/api.w.org\/{rel}","templated":true}]}}