{"id":46913,"date":"2025-07-24T14:41:01","date_gmt":"2025-07-24T17:41:01","guid":{"rendered":"http:\/\/jornaldeitaipava.com.br\/?p=46913"},"modified":"2025-07-24T14:41:05","modified_gmt":"2025-07-24T17:41:05","slug":"locanda-della-mimosa-promove-mais-uma-noite-dedicada-ao-jazz-em-petropolis","status":"publish","type":"post","link":"https:\/\/jornaldeitaipava.com.br\/index.php\/2025\/07\/24\/locanda-della-mimosa-promove-mais-uma-noite-dedicada-ao-jazz-em-petropolis\/","title":{"rendered":"Locanda Della Mimosa promove mais uma noite dedicada ao jazz em Petr\u00f3polis"},"content":{"rendered":"\n<p class=\"has-text-align-center\"><strong>Evento re\u00fane m\u00fasicos dedicados ao repert\u00f3rio que re\u00fane o melhor do estilo musical<\/strong><\/p>\n\n\n\n<p>O Locanda Della Mimosa realiza mais uma edi\u00e7\u00e3o Jazz Night com Yumi Park &amp; Edigar Nio, no pr\u00f3ximo s\u00e1bado (26\/7), \u00e0s 20h. O duo promete o melhor do Jazz, Bossa Nova e releituras de cl\u00e1ssicos internacionais em arranjos \u00fanicos que dar\u00e3o um toque especial para a noite.\u00a0<\/p>\n\n\n\n<p>O p\u00fablico poder\u00e1 conferir a performance da cantora sul-coreana Yumi Park. Radicada no Brasil desde 1994, a artista atua na cena musical carioca desde 2013. Int\u00e9rprete da Bossa Nova e do Jazz, se destaca com uma voz que caminha da leveza ao visceral com influ\u00eancias de Gal Costa, Elis Regina, Leny Andrade, Betty Carter, Carmen Mcrae e Bobby Mcferrin.<\/p>\n\n\n\n<p>O estilo da cantora \u00e9 complementado pelo violonista e guitarrista Edigar Nio. O produtor e compositor j\u00e1 se apresentou em diversos festivais de m\u00fasica, e dividiu o palco com grandes artistas, entre eles, Larry Coryell, parceiro de longa data de Paco de Luc\u00eda. Al\u00e9m de sua atua\u00e7\u00e3o musical, organizou diversos festivais em palcos pelo pa\u00eds, se apresentando ao lado de v\u00e1rias atra\u00e7\u00f5es internacionais.<\/p>\n\n\n\n<p><strong>Servi\u00e7o<\/strong><\/p>\n\n\n\n<p>Locanda Della Mimosa apresenta: Jazz Night &#8211; Yumi Park &amp; Edigar Nio<\/p>\n\n\n\n<p>Dia: 26 de julho \u00e0s 20h<\/p>\n\n\n\n<p>Local: Rua Mimosas, n\u00ba 30, Fazenda Inglesa &#8211; Petr\u00f3polis \u2013 RJ<\/p>\n\n\n\n<p>Reservas: (24) 99318-5417<\/p>\n","protected":false},"excerpt":{"rendered":"<p>Evento re\u00fane m\u00fasicos dedicados ao repert\u00f3rio que re\u00fane o melhor do estilo musical O Locanda<\/p>\n","protected":false},"author":1,"featured_media":46914,"comment_status":"closed","ping_status":"open","sticky":false,"template":"","format":"standard","meta":{"spay_email":"","footnotes":"","jetpack_publicize_message":""},"categories":[1],"tags":[],"jetpack_featured_media_url":"https:\/\/i2.wp.com\/jornaldeitaipava.com.br\/wp-content\/uploads\/2025\/07\/Locanda_noitedeJazz_26082024.00_00_28_02.Still001-scaled-e1753378840496.jpg?fit=1440%2C917&ssl=1","jetpack_publicize_connections":[],"jetpack_sharing_enabled":true,"jetpack_likes_enabled":true,"jetpack-related-posts":[],"_links":{"self":[{"href":"https:\/\/jornaldeitaipava.com.br\/index.php\/wp-json\/wp\/v2\/posts\/46913"}],"collection":[{"href":"https:\/\/jornaldeitaipava.com.br\/index.php\/wp-json\/wp\/v2\/posts"}],"about":[{"href":"https:\/\/jornaldeitaipava.com.br\/index.php\/wp-json\/wp\/v2\/types\/post"}],"author":[{"embeddable":true,"href":"https:\/\/jornaldeitaipava.com.br\/index.php\/wp-json\/wp\/v2\/users\/1"}],"replies":[{"embeddable":true,"href":"https:\/\/jornaldeitaipava.com.br\/index.php\/wp-json\/wp\/v2\/comments?post=46913"}],"version-history":[{"count":1,"href":"https:\/\/jornaldeitaipava.com.br\/index.php\/wp-json\/wp\/v2\/posts\/46913\/revisions"}],"predecessor-version":[{"id":46915,"href":"https:\/\/jornaldeitaipava.com.br\/index.php\/wp-json\/wp\/v2\/posts\/46913\/revisions\/46915"}],"wp:featuredmedia":[{"embeddable":true,"href":"https:\/\/jornaldeitaipava.com.br\/index.php\/wp-json\/wp\/v2\/media\/46914"}],"wp:attachment":[{"href":"https:\/\/jornaldeitaipava.com.br\/index.php\/wp-json\/wp\/v2\/media?parent=46913"}],"wp:term":[{"taxonomy":"category","embeddable":true,"href":"https:\/\/jornaldeitaipava.com.br\/index.php\/wp-json\/wp\/v2\/categories?post=46913"},{"taxonomy":"post_tag","embeddable":true,"href":"https:\/\/jornaldeitaipava.com.br\/index.php\/wp-json\/wp\/v2\/tags?post=46913"}],"curies":[{"name":"wp","href":"https:\/\/api.w.org\/{rel}","templated":true}]}}