{"id":46916,"date":"2025-07-24T14:42:59","date_gmt":"2025-07-24T17:42:59","guid":{"rendered":"http:\/\/jornaldeitaipava.com.br\/?p=46916"},"modified":"2025-07-24T14:43:00","modified_gmt":"2025-07-24T17:43:00","slug":"unita-cobra-mais-apoio-do-poder-publico-para-eventos-realizados-no-parque-de-exposicoes-em-itaipava","status":"publish","type":"post","link":"https:\/\/jornaldeitaipava.com.br\/index.php\/2025\/07\/24\/unita-cobra-mais-apoio-do-poder-publico-para-eventos-realizados-no-parque-de-exposicoes-em-itaipava\/","title":{"rendered":"UNITA cobra mais apoio do poder p\u00fablico para eventos realizados no Parque de Exposi\u00e7\u00f5es, em Itaipava"},"content":{"rendered":"\n<p class=\"has-text-align-center\"><strong>Movimento defende que grandes eventos na regi\u00e3o tenham o mesmo suporte log\u00edstico e de mobilidade ofertado em festas do Centro Hist\u00f3rico, como a Bauernfest<\/strong><\/p>\n\n\n\n<p>O movimento UNITA \u2014 Unidos por Itaipava \u2014 reivindica que poder p\u00fablico municipal amplie o suporte oferecido aos eventos realizados no Parque de Exposi\u00e7\u00f5es, em Itaipava. Embora reconhe\u00e7a a relev\u00e2ncia econ\u00f4mica e tur\u00edstica dessas atividades para o terceiro distrito, o grupo alerta que a falta de apoio estruturado por parte da Prefeitura tem gerado impactos negativos para moradores, comerciantes e visitantes.<\/p>\n\n\n\n<p>Em eventos recentes no Parque, foram registradas aus\u00eancia de agentes de tr\u00e2nsito, falta de sinaliza\u00e7\u00e3o adequada de \u00e1reas de proibi\u00e7\u00e3o de estacionamento e pouca oferta de transporte p\u00fablico durante hor\u00e1rios de maior fluxo. Em uma das ocasi\u00f5es, ve\u00edculos estacionados em locais n\u00e3o sinalizados acabaram sendo multadas, gerando queixas de participantes e transtornos no entorno.<\/p>\n\n\n\n<p>\u201cOs eventos t\u00eam relev\u00e2ncia na movimenta\u00e7\u00e3o da economia local. Mas \u00e9 essencial que o poder p\u00fablico esteja presente com a mesma aten\u00e7\u00e3o que vimos, por exemplo, na Bauernfest, no Centro Hist\u00f3rico, quando houve um trabalho bem coordenado de tr\u00e2nsito, seguran\u00e7a e limpeza. O que pedimos \u00e9 igualdade de tratamento para Itaipava\u201d, afirma Alexandre Plantz, presidente da UNITA.<\/p>\n\n\n\n<p>Al\u00e9m da quest\u00e3o do tr\u00e2nsito, o movimento tamb\u00e9m destaca que, em muitas ocasi\u00f5es, falta fiscaliza\u00e7\u00e3o adequada contra o com\u00e9rcio irregular, al\u00e9m de a\u00e7\u00f5es preventivas de ordenamento urbano e limpeza p\u00fablica, sobretudo no entorno do Parque de Exposi\u00e7\u00f5es. Para os comerciantes e empres\u00e1rios da regi\u00e3o, a aus\u00eancia desse suporte pode comprometer o bom funcionamento do com\u00e9rcio formal e prejudicar a experi\u00eancia de quem frequenta os eventos.<\/p>\n\n\n\n<p>\u201cA realiza\u00e7\u00e3o de eventos \u00e9 bem-vinda, mas ela precisa vir acompanhada de planejamento conjunto. O terceiro distrito tem estrutura e potencial, mas precisa que a Prefeitura atue como parceira desde o pr\u00e9-evento at\u00e9 o p\u00f3s. Essa \u00e9 uma demanda simples, mas que faz muita diferen\u00e7a para quem vive ou empreende aqui\u201d, destaca Fabr\u00edcio Santos, secret\u00e1rio da UNITA.<\/p>\n\n\n\n<p>Muitos dos eventos n\u00e3o s\u00e3o in\u00e9ditos e retornam ao Parque ap\u00f3s edi\u00e7\u00f5es anteriores, n\u00e3o sendo uma \u201cnovidade\u201d em termos de apoio necess\u00e1rio. A maioria faz parte do calend\u00e1rio oficial de eventos da cidade e merecem, assim, aten\u00e7\u00e3o redobrada. \u201cO papel do movimento \u00e9 construir solu\u00e7\u00f5es conjuntas para garantir que Itaipava continue sendo um polo atrativo para o turista, com qualidade de vida para o morador, com organiza\u00e7\u00e3o, seguran\u00e7a e conforto para todos\u201d, completa Alexandre Plantz.<\/p>\n","protected":false},"excerpt":{"rendered":"<p>Movimento defende que grandes eventos na regi\u00e3o tenham o mesmo suporte log\u00edstico e de mobilidade<\/p>\n","protected":false},"author":1,"featured_media":46917,"comment_status":"closed","ping_status":"open","sticky":false,"template":"","format":"standard","meta":{"spay_email":"","footnotes":"","jetpack_publicize_message":""},"categories":[24],"tags":[],"jetpack_featured_media_url":"https:\/\/i1.wp.com\/jornaldeitaipava.com.br\/wp-content\/uploads\/2025\/07\/Transito-Itaipava.jpg?fit=900%2C600&ssl=1","jetpack_publicize_connections":[],"jetpack_sharing_enabled":true,"jetpack_likes_enabled":true,"jetpack-related-posts":[],"_links":{"self":[{"href":"https:\/\/jornaldeitaipava.com.br\/index.php\/wp-json\/wp\/v2\/posts\/46916"}],"collection":[{"href":"https:\/\/jornaldeitaipava.com.br\/index.php\/wp-json\/wp\/v2\/posts"}],"about":[{"href":"https:\/\/jornaldeitaipava.com.br\/index.php\/wp-json\/wp\/v2\/types\/post"}],"author":[{"embeddable":true,"href":"https:\/\/jornaldeitaipava.com.br\/index.php\/wp-json\/wp\/v2\/users\/1"}],"replies":[{"embeddable":true,"href":"https:\/\/jornaldeitaipava.com.br\/index.php\/wp-json\/wp\/v2\/comments?post=46916"}],"version-history":[{"count":1,"href":"https:\/\/jornaldeitaipava.com.br\/index.php\/wp-json\/wp\/v2\/posts\/46916\/revisions"}],"predecessor-version":[{"id":46918,"href":"https:\/\/jornaldeitaipava.com.br\/index.php\/wp-json\/wp\/v2\/posts\/46916\/revisions\/46918"}],"wp:featuredmedia":[{"embeddable":true,"href":"https:\/\/jornaldeitaipava.com.br\/index.php\/wp-json\/wp\/v2\/media\/46917"}],"wp:attachment":[{"href":"https:\/\/jornaldeitaipava.com.br\/index.php\/wp-json\/wp\/v2\/media?parent=46916"}],"wp:term":[{"taxonomy":"category","embeddable":true,"href":"https:\/\/jornaldeitaipava.com.br\/index.php\/wp-json\/wp\/v2\/categories?post=46916"},{"taxonomy":"post_tag","embeddable":true,"href":"https:\/\/jornaldeitaipava.com.br\/index.php\/wp-json\/wp\/v2\/tags?post=46916"}],"curies":[{"name":"wp","href":"https:\/\/api.w.org\/{rel}","templated":true}]}}