{"id":46919,"date":"2025-07-25T13:07:14","date_gmt":"2025-07-25T16:07:14","guid":{"rendered":"http:\/\/jornaldeitaipava.com.br\/?p=46919"},"modified":"2025-07-25T13:07:16","modified_gmt":"2025-07-25T16:07:16","slug":"desenho-e-criatividade-oficinas-gratuitas-animam-as-ferias-das-criancas-neste-sabado-em-itaipava","status":"publish","type":"post","link":"https:\/\/jornaldeitaipava.com.br\/index.php\/2025\/07\/25\/desenho-e-criatividade-oficinas-gratuitas-animam-as-ferias-das-criancas-neste-sabado-em-itaipava\/","title":{"rendered":"Desenho e criatividade: oficinas gratuitas animam as f\u00e9rias das crian\u00e7as neste s\u00e1bado, em Itaipava"},"content":{"rendered":"\n<p>Durante as f\u00e9rias escolares, Itaipava ganha mais cor, tra\u00e7o e imagina\u00e7\u00e3o. Neste s\u00e1bado (26), o Shopping Vilarejo recebe uma oficina especial de desenho voltada para o p\u00fablico infantil, com atividades l\u00fadicas, jogos interativos e oficinas criativas conduzidas pelos professores da escola Graph-it. A a\u00e7\u00e3o gratuita acontece das 14h \u00e0s 15h30 e faz parte da programa\u00e7\u00e3o do Festival de Inverno do Vilarejo.<\/p>\n\n\n\n<p>Al\u00e9m da oficina tem\u00e1tica, a tarde contar\u00e1 com brincadeiras como o \u201cGartic ao Vivo\u201d, um jogo de adivinha\u00e7\u00e3o com quadros brancos em tempo real, e o divertido \u201cDesenho Sem Fio\u201d, em que a criatividade passa de costas em costas at\u00e9 chegar ao papel. As atividades s\u00e3o destinadas a crian\u00e7as a partir de 5 anos e prometem entreter os pequenos com um toque de arte e muita divers\u00e3o. As vagas s\u00e3o limitadas a 15 participantes por sess\u00e3o e as inscri\u00e7\u00f5es podem ser feitas pelo WhatsApp (24) 99326-5960 ou presencialmente at\u00e9 o in\u00edcio das atividades.<\/p>\n\n\n\n<p>As oficinas acompanham a Exposi\u00e7\u00e3o de Inverno \u2013 Arte e Imagina\u00e7\u00e3o, em cartaz entre os dias 21 de julho e 4 de agosto na Pra\u00e7a da Lua, tamb\u00e9m no Shopping Vilarejo. A mostra re\u00fane trabalhos de alunos e professores da Graph-it em grafite, aquarela, pintura digital e t\u00e9cnicas mistas, inspirados na esta\u00e7\u00e3o mais charmosa do ano. Mais do que uma exposi\u00e7\u00e3o, \u00e9 um convite ao encantamento e \u00e0 descoberta de diferentes formas de expressar o inverno.<\/p>\n\n\n\n<p>\u201cA mostra \u00e9 um convite para que as pessoas redescubram o inverno por meio da arte. Cada obra traz o toque pessoal de quem desenhou, pintou e criou. Nossos alunos e professores se envolveram profundamente com o tema, e o resultado \u00e9 uma exposi\u00e7\u00e3o vibrante, afetiva e acess\u00edvel\u201d, comenta Francisco Marques, diretor da Graph-it.<\/p>\n\n\n\n<p>A exposi\u00e7\u00e3o pode ser visitada gratuitamente durante todo o hor\u00e1rio de funcionamento do shopping. As oficinas acontecem tamb\u00e9m no dia 2 de agosto, com a mesma programa\u00e7\u00e3o e hor\u00e1rio.<\/p>\n\n\n\n<p>\u201cO inverno \u00e9 uma \u00e9poca em que queremos oferecer n\u00e3o apenas lazer, mas experi\u00eancias marcantes para quem est\u00e1 na serra. Essa exposi\u00e7\u00e3o combina talento local, forma\u00e7\u00e3o art\u00edstica e divers\u00e3o. \u00c9 mais uma iniciativa que mostra o Vilarejo como um espa\u00e7o vivo, para todas as idades\u201d, destaca Tiago Corr\u00eaa, administrador do Shopping Vilarejo.<\/p>\n\n\n\n<p><strong>Servi\u00e7o: Festival de Inverno <\/strong><\/p>\n\n\n\n<p>Oficina de Desenho <\/p>\n\n\n\n<p>Data: 26 de julho<br>Evento gratuito<br>Vagas limitadas \u2013 inscri\u00e7\u00f5es pelo WhatsApp (24) 99326-5960<br>Local: Pra\u00e7a da Lua<\/p>\n\n\n\n<p>Exposi\u00e7\u00e3o de Inverno Graph-it \ud83d\udd8d\ufe0f<\/p>\n\n\n\n<p>Data: 21 de julho at\u00e9 4 de agosto<br>Evento gratuito<br>Local: Pra\u00e7a da Lua<\/p>\n\n\n\n<p>Shopping Vilarejo (Estrada Uni\u00e3o e Ind\u00fastria, 10.035 \u2013 Itaipava)<\/p>\n","protected":false},"excerpt":{"rendered":"<p>Durante as f\u00e9rias escolares, Itaipava ganha mais cor, tra\u00e7o e imagina\u00e7\u00e3o. Neste s\u00e1bado (26), o<\/p>\n","protected":false},"author":1,"featured_media":46920,"comment_status":"closed","ping_status":"open","sticky":false,"template":"","format":"standard","meta":{"spay_email":"","footnotes":"","jetpack_publicize_message":""},"categories":[42],"tags":[],"jetpack_featured_media_url":"https:\/\/i2.wp.com\/jornaldeitaipava.com.br\/wp-content\/uploads\/2025\/07\/WhatsApp-Image-2025-07-25-at-12.53.01.jpeg?fit=1600%2C719&ssl=1","jetpack_publicize_connections":[],"jetpack_sharing_enabled":true,"jetpack_likes_enabled":true,"jetpack-related-posts":[],"_links":{"self":[{"href":"https:\/\/jornaldeitaipava.com.br\/index.php\/wp-json\/wp\/v2\/posts\/46919"}],"collection":[{"href":"https:\/\/jornaldeitaipava.com.br\/index.php\/wp-json\/wp\/v2\/posts"}],"about":[{"href":"https:\/\/jornaldeitaipava.com.br\/index.php\/wp-json\/wp\/v2\/types\/post"}],"author":[{"embeddable":true,"href":"https:\/\/jornaldeitaipava.com.br\/index.php\/wp-json\/wp\/v2\/users\/1"}],"replies":[{"embeddable":true,"href":"https:\/\/jornaldeitaipava.com.br\/index.php\/wp-json\/wp\/v2\/comments?post=46919"}],"version-history":[{"count":1,"href":"https:\/\/jornaldeitaipava.com.br\/index.php\/wp-json\/wp\/v2\/posts\/46919\/revisions"}],"predecessor-version":[{"id":46921,"href":"https:\/\/jornaldeitaipava.com.br\/index.php\/wp-json\/wp\/v2\/posts\/46919\/revisions\/46921"}],"wp:featuredmedia":[{"embeddable":true,"href":"https:\/\/jornaldeitaipava.com.br\/index.php\/wp-json\/wp\/v2\/media\/46920"}],"wp:attachment":[{"href":"https:\/\/jornaldeitaipava.com.br\/index.php\/wp-json\/wp\/v2\/media?parent=46919"}],"wp:term":[{"taxonomy":"category","embeddable":true,"href":"https:\/\/jornaldeitaipava.com.br\/index.php\/wp-json\/wp\/v2\/categories?post=46919"},{"taxonomy":"post_tag","embeddable":true,"href":"https:\/\/jornaldeitaipava.com.br\/index.php\/wp-json\/wp\/v2\/tags?post=46919"}],"curies":[{"name":"wp","href":"https:\/\/api.w.org\/{rel}","templated":true}]}}