{"id":46923,"date":"2025-07-25T13:08:38","date_gmt":"2025-07-25T16:08:38","guid":{"rendered":"http:\/\/jornaldeitaipava.com.br\/?p=46923"},"modified":"2025-07-25T13:08:39","modified_gmt":"2025-07-25T16:08:39","slug":"amizade-entre-avos-e-netos-fortalece-a-saude-mental-e-deixa-legado-afetivo-duradouro","status":"publish","type":"post","link":"https:\/\/jornaldeitaipava.com.br\/index.php\/2025\/07\/25\/amizade-entre-avos-e-netos-fortalece-a-saude-mental-e-deixa-legado-afetivo-duradouro\/","title":{"rendered":"Amizade entre av\u00f3s e netos fortalece a sa\u00fade mental e deixa legado afetivo duradouro"},"content":{"rendered":"\n<p class=\"has-text-align-center\"><strong>Psic\u00f3loga e docente da Est\u00e1cio destaca o valor do v\u00ednculo intergeracional para o bem-estar emocional de crian\u00e7as, jovens e idosos, tema em destaque neste m\u00eas de julho<\/strong><\/p>\n\n\n\n<p>As datas comemorativas de julho refor\u00e7am a import\u00e2ncia dos v\u00ednculos afetivos e intergeracionais. O Dia do Amigo, celebrado em 20 de julho, destaca o valor das conex\u00f5es genu\u00ednas na vida cotidiana. Em seguida, o Dia dos Av\u00f3s, em 26 de julho, homenageia a sabedoria, o cuidado e o papel essencial dos mais velhos na forma\u00e7\u00e3o das novas gera\u00e7\u00f5es. J\u00e1 o Dia Internacional da Amizade, em 30 de julho, institu\u00eddo pela ONU, amplia esse olhar para a import\u00e2ncia das rela\u00e7\u00f5es humanas como base para uma sociedade mais emp\u00e1tica e solid\u00e1ria \u2014 incluindo, claro, a amizade profunda entre av\u00f3s e netos.<br>Os av\u00f3s s\u00e3o a mem\u00f3ria viva da fam\u00edlia, define Ana Cristina Fabbri, psic\u00f3loga e docente da Est\u00e1cio. S\u00e3o guardi\u00f5es de hist\u00f3rias, conselhos e valores. Ao compartilharem suas viv\u00eancias, oferecem aos netos n\u00e3o apenas conhecimento, mas tamb\u00e9m uma sensa\u00e7\u00e3o de continuidade, pertencimento e identidade. Essa transmiss\u00e3o de saberes e afeto ajuda os netos a se sentirem mais seguros emocionalmente, desenvolvendo empatia, respeito e gratid\u00e3o. &#8220;Ter um av\u00f4 ou av\u00f3 como confidente pode ser essencial em fases dif\u00edceis, como a puberdade ou momentos de conflito familiar\u201d, destaca.<br>A especialista lembra ainda que a psicologia reconhece a import\u00e2ncia dessa troca entre gera\u00e7\u00f5es. A teoria do desenvolvimento psicossocial de Erik Erikson aponta que o conv\u00edvio tem muitos benef\u00edcios. \u201cNa velhice, o senso de integridade \u00e9 fortalecido quando os av\u00f3s percebem que suas experi\u00eancias t\u00eam valor. J\u00e1 os netos desenvolvem senso de identidade e pertencimento ao se conectarem com as ra\u00edzes familiares\u201d, explica.<br>Do outro lado da rela\u00e7\u00e3o, os netos tamb\u00e9m trazem vitalidade \u00e0 vida dos av\u00f3s. Para muitos idosos, a presen\u00e7a constante dos netos reacende o prazer em brincar, aprender e compartilhar momentos simples. \u201cO fato de se sentirem \u00fateis, amados e inclu\u00eddos melhora a autoestima e contribui para a qualidade de vida. Esses v\u00ednculos est\u00e3o associados \u00e0 preven\u00e7\u00e3o de sintomas depressivos e \u00e0 redu\u00e7\u00e3o da solid\u00e3o\u201d, diz Fabbri.<br>A psic\u00f3loga tamb\u00e9m ressalta a import\u00e2ncia do papel dos av\u00f3s no ambiente familiar e no desenvolvimento emocional das crian\u00e7as. Referindo-se \u00e0 Teoria dos Sistemas Ecol\u00f3gicos, de Urie Bronfenbrenner, ela explica: \u201cOs av\u00f3s que participam do dia a dia dos netos atuam diretamente no microssistema, promovendo seguran\u00e7a emocional, estabilidade e apoio afetivo\u201d.<br>Pesquisas cient\u00edficas refor\u00e7am esse impacto positivo. Estudos mostram que idosos que mant\u00eam la\u00e7os pr\u00f3ximos com seus netos apresentam maior satisfa\u00e7\u00e3o com a vida. E crian\u00e7as e adolescentes que convivem com seus av\u00f3s desenvolvem mais empatia, resili\u00eancia emocional e habilidades sociais saud\u00e1veis.<br>Diante de uma sociedade marcada pelo isolamento, a psic\u00f3loga defende a cria\u00e7\u00e3o de espa\u00e7os que valorizem a conviv\u00eancia intergeracional. \u201cProgramas sociais, escolas que acolham os av\u00f3s e fam\u00edlias que incentivem esse conv\u00edvio contribuem para uma sociedade mais afetiva e conectada emocionalmente\u201d, sugere.<br>Por fim, Fabbri refor\u00e7a que a amizade entre av\u00f3s e netos \u00e9 uma heran\u00e7a emocional rica, que ultrapassa o tempo. \u201cMesmo quando um dos dois j\u00e1 n\u00e3o est\u00e1 mais fisicamente presente, o v\u00ednculo permanece vivo nas lembran\u00e7as, nos ensinamentos e nos gestos. Cuidar dessa rela\u00e7\u00e3o \u00e9 cultivar amor, equil\u00edbrio e sa\u00fade mental para as pr\u00f3ximas gera\u00e7\u00f5es\u201d, conclui.<\/p>\n","protected":false},"excerpt":{"rendered":"<p>Psic\u00f3loga e docente da Est\u00e1cio destaca o valor do v\u00ednculo intergeracional para o bem-estar emocional<\/p>\n","protected":false},"author":1,"featured_media":46924,"comment_status":"closed","ping_status":"open","sticky":false,"template":"","format":"standard","meta":{"spay_email":"","footnotes":"","jetpack_publicize_message":""},"categories":[2],"tags":[],"jetpack_featured_media_url":"https:\/\/i0.wp.com\/jornaldeitaipava.com.br\/wp-content\/uploads\/2025\/07\/WhatsApp-Image-2025-07-25-at-10.10.55.jpeg?fit=1500%2C995&ssl=1","jetpack_publicize_connections":[],"jetpack_sharing_enabled":true,"jetpack_likes_enabled":true,"jetpack-related-posts":[],"_links":{"self":[{"href":"https:\/\/jornaldeitaipava.com.br\/index.php\/wp-json\/wp\/v2\/posts\/46923"}],"collection":[{"href":"https:\/\/jornaldeitaipava.com.br\/index.php\/wp-json\/wp\/v2\/posts"}],"about":[{"href":"https:\/\/jornaldeitaipava.com.br\/index.php\/wp-json\/wp\/v2\/types\/post"}],"author":[{"embeddable":true,"href":"https:\/\/jornaldeitaipava.com.br\/index.php\/wp-json\/wp\/v2\/users\/1"}],"replies":[{"embeddable":true,"href":"https:\/\/jornaldeitaipava.com.br\/index.php\/wp-json\/wp\/v2\/comments?post=46923"}],"version-history":[{"count":1,"href":"https:\/\/jornaldeitaipava.com.br\/index.php\/wp-json\/wp\/v2\/posts\/46923\/revisions"}],"predecessor-version":[{"id":46925,"href":"https:\/\/jornaldeitaipava.com.br\/index.php\/wp-json\/wp\/v2\/posts\/46923\/revisions\/46925"}],"wp:featuredmedia":[{"embeddable":true,"href":"https:\/\/jornaldeitaipava.com.br\/index.php\/wp-json\/wp\/v2\/media\/46924"}],"wp:attachment":[{"href":"https:\/\/jornaldeitaipava.com.br\/index.php\/wp-json\/wp\/v2\/media?parent=46923"}],"wp:term":[{"taxonomy":"category","embeddable":true,"href":"https:\/\/jornaldeitaipava.com.br\/index.php\/wp-json\/wp\/v2\/categories?post=46923"},{"taxonomy":"post_tag","embeddable":true,"href":"https:\/\/jornaldeitaipava.com.br\/index.php\/wp-json\/wp\/v2\/tags?post=46923"}],"curies":[{"name":"wp","href":"https:\/\/api.w.org\/{rel}","templated":true}]}}