{"id":46926,"date":"2025-07-25T13:11:19","date_gmt":"2025-07-25T16:11:19","guid":{"rendered":"http:\/\/jornaldeitaipava.com.br\/?p=46926"},"modified":"2025-07-25T13:11:20","modified_gmt":"2025-07-25T16:11:20","slug":"casa-de-petropolis-promove-mostra-de-videoarte-com-artistas-convidados","status":"publish","type":"post","link":"https:\/\/jornaldeitaipava.com.br\/index.php\/2025\/07\/25\/casa-de-petropolis-promove-mostra-de-videoarte-com-artistas-convidados\/","title":{"rendered":"Casa de Petr\u00f3polis promove mostra de videoarte com artistas convidados"},"content":{"rendered":"\n<p>&#8220;Arca dos 7 erros&#8221; ter\u00e1 sess\u00f5es no dia 2 de agosto com obras de Andr\u00e9 Sheik, Luiz Badia e Osvaldo Carvalho<\/p>\n\n\n\n<p>A Casa de Petr\u00f3polis promove, no pr\u00f3ximo dia 2 de agosto, das 16h \u00e0s 19h, a mostra de videoarte &#8220;Arca dos 7 erros&#8221;. O evento ocorrer\u00e1 no Sal\u00e3o Jacarand\u00e1 do espa\u00e7o cultural e contar\u00e1 com tr\u00eas sess\u00f5es ao longo da tarde, exibindo trabalhos audiovisuais que exploram paisagens abstratas e elementos musicais.&nbsp;A entrada \u00e9 gratuita.&nbsp;<\/p>\n\n\n\n<p>Entre os artistas convidados para a mostra est\u00e3o Andr\u00e9 Sheik, Luiz Badia e Osvaldo Carvalho, reconhecidos por suas produ\u00e7\u00f5es que mesclam imagens em movimento com narrativas sonoras e visuais, oferecendo ao p\u00fablico uma experi\u00eancia imersiva e reflexiva.<\/p>\n\n\n\n<p>A mostra de videoarte faz parte da programa\u00e7\u00e3o paralela \u00e0 exposi\u00e7\u00e3o atual de Luiz Badia, intitulada &#8220;N\u00e3o \u00e9 a primeira vez&#8221;, tamb\u00e9m em cartaz na Casa de Petr\u00f3polis. O evento refor\u00e7a o compromisso da institui\u00e7\u00e3o em promover e valorizar express\u00f5es contempor\u00e2neas e diversas linguagens art\u00edsticas e conta com a produ\u00e7\u00e3o local \u00e9 assinada por Natalia Azevedo, diretora executiva da Casa, atrav\u00e9s da Abstrata Produ\u00e7\u00f5es.<\/p>\n\n\n\n<h3 class=\"wp-block-heading\">Sobre a Casa de Petr\u00f3polis<\/h3>\n\n\n\n<p><strong>A Casa de Petr\u00f3polis Instituto de Cultura<\/strong>&nbsp;\u00e9 um dos mais relevantes espa\u00e7os dedicados \u00e0 arte, hist\u00f3ria e preserva\u00e7\u00e3o do patrim\u00f4nio na cidade serrana. Instalada em um casar\u00e3o centen\u00e1rio, a Casa se destaca n\u00e3o apenas pela arquitetura original preservada, mas tamb\u00e9m pela intensa programa\u00e7\u00e3o cultural que promove ao longo do ano, com exposi\u00e7\u00f5es de arte, concertos, debates e oficinas.<\/p>\n\n\n\n<p>Mais do que um espa\u00e7o expositivo, a Casa de Petr\u00f3polis atua como um polo de reflex\u00e3o art\u00edstica e mem\u00f3ria viva da cidade, conectando o passado ao presente por meio da arte contempor\u00e2nea e de a\u00e7\u00f5es educativas. Com curadorias criteriosas e uma proposta acolhedora, o Instituto busca democratizar o acesso \u00e0 cultura e incentivar o di\u00e1logo entre artistas, p\u00fablico e comunidade local.<\/p>\n","protected":false},"excerpt":{"rendered":"<p>&#8220;Arca dos 7 erros&#8221; ter\u00e1 sess\u00f5es no dia 2 de agosto com obras de Andr\u00e9<\/p>\n","protected":false},"author":1,"featured_media":46927,"comment_status":"closed","ping_status":"open","sticky":false,"template":"","format":"standard","meta":{"spay_email":"","footnotes":"","jetpack_publicize_message":""},"categories":[1],"tags":[],"jetpack_featured_media_url":"https:\/\/i0.wp.com\/jornaldeitaipava.com.br\/wp-content\/uploads\/2025\/07\/Tela1-1.png?fit=922%2C608&ssl=1","jetpack_publicize_connections":[],"jetpack_sharing_enabled":true,"jetpack_likes_enabled":true,"jetpack-related-posts":[],"_links":{"self":[{"href":"https:\/\/jornaldeitaipava.com.br\/index.php\/wp-json\/wp\/v2\/posts\/46926"}],"collection":[{"href":"https:\/\/jornaldeitaipava.com.br\/index.php\/wp-json\/wp\/v2\/posts"}],"about":[{"href":"https:\/\/jornaldeitaipava.com.br\/index.php\/wp-json\/wp\/v2\/types\/post"}],"author":[{"embeddable":true,"href":"https:\/\/jornaldeitaipava.com.br\/index.php\/wp-json\/wp\/v2\/users\/1"}],"replies":[{"embeddable":true,"href":"https:\/\/jornaldeitaipava.com.br\/index.php\/wp-json\/wp\/v2\/comments?post=46926"}],"version-history":[{"count":1,"href":"https:\/\/jornaldeitaipava.com.br\/index.php\/wp-json\/wp\/v2\/posts\/46926\/revisions"}],"predecessor-version":[{"id":46928,"href":"https:\/\/jornaldeitaipava.com.br\/index.php\/wp-json\/wp\/v2\/posts\/46926\/revisions\/46928"}],"wp:featuredmedia":[{"embeddable":true,"href":"https:\/\/jornaldeitaipava.com.br\/index.php\/wp-json\/wp\/v2\/media\/46927"}],"wp:attachment":[{"href":"https:\/\/jornaldeitaipava.com.br\/index.php\/wp-json\/wp\/v2\/media?parent=46926"}],"wp:term":[{"taxonomy":"category","embeddable":true,"href":"https:\/\/jornaldeitaipava.com.br\/index.php\/wp-json\/wp\/v2\/categories?post=46926"},{"taxonomy":"post_tag","embeddable":true,"href":"https:\/\/jornaldeitaipava.com.br\/index.php\/wp-json\/wp\/v2\/tags?post=46926"}],"curies":[{"name":"wp","href":"https:\/\/api.w.org\/{rel}","templated":true}]}}