{"id":46930,"date":"2025-07-25T13:13:11","date_gmt":"2025-07-25T16:13:11","guid":{"rendered":"http:\/\/jornaldeitaipava.com.br\/?p=46930"},"modified":"2025-07-25T13:13:14","modified_gmt":"2025-07-25T16:13:14","slug":"cdl-petropolis-mobiliza-comercio-local-para-aproveitar-vendas-pelo-dia-dos-avos","status":"publish","type":"post","link":"https:\/\/jornaldeitaipava.com.br\/index.php\/2025\/07\/25\/cdl-petropolis-mobiliza-comercio-local-para-aproveitar-vendas-pelo-dia-dos-avos\/","title":{"rendered":"CDL Petr\u00f3polis mobiliza com\u00e9rcio local para aproveitar vendas pelo Dia dos Av\u00f3s"},"content":{"rendered":"\n<p class=\"has-text-align-center\"><strong>6 milh\u00f5es de pessoas no Estado pretendem gastar R$ 113,90 com presentes<\/strong><\/p>\n\n\n\n<p>A C\u00e2mara de Dirigentes Lojistas (CDL) de Petr\u00f3polis est\u00e1 incentivando os comerciantes da cidade a se engajarem em a\u00e7\u00f5es promocionais e campanhas afetivas para o Dia dos Av\u00f3s, celebrado s\u00e1bado (26). Com estimativa de movimenta\u00e7\u00e3o superior a R$ 700 milh\u00f5es no Estado do Rio, a data vem se consolidando como promissora para o varejo fluminense.<\/p>\n\n\n\n<p>\u201cAinda \u00e9 uma data subestimada por muitos, mas o potencial de faturamento \u00e9 concreto e expressivo. Os consumidores est\u00e3o cada vez mais atentos ao valor simb\u00f3lico de presentear os av\u00f3s, e o com\u00e9rcio local pode e deve acompanhar esse movimento\u201d, afirma Cl\u00e1udio Mohammad, presidente da CDL Petr\u00f3polis.<\/p>\n\n\n\n<p>Segundo levantamento do Instituto Fecom\u00e9rcio de Estudos do Rio de Janeiro (IFEC-RJ), cerca de 6 milh\u00f5es de fluminenses pretendem homenagear seus av\u00f3s com presentes neste ano. O ticket m\u00e9dio por consumidor \u00e9 estimado em R$ 113,90, impulsionando setores como floriculturas, livrarias, perfumarias, lojas de experi\u00eancias e gastronomia.<\/p>\n\n\n\n<p>Em Petr\u00f3polis, esse movimento ganha ainda mais relev\u00e2ncia: de acordo com o Censo Demogr\u00e1fico de 2022, a cidade possui 59.429 moradores com 60 anos ou mais, o que corresponde a 18,7% da popula\u00e7\u00e3o total. Isso posiciona Petr\u00f3polis como a segunda cidade com maior propor\u00e7\u00e3o de idosos no estado do Rio de Janeiro, refor\u00e7ando o protagonismo da chamada economia prateada no com\u00e9rcio local.<\/p>\n\n\n\n<p>\u201cA presen\u00e7a expressiva de av\u00f3s na nossa cidade \u00e9 um convite \u00e0 criatividade e \u00e0 empatia por parte dos lojistas. O Dia dos Av\u00f3s pode ser n\u00e3o apenas uma celebra\u00e7\u00e3o, mas uma oportunidade estrat\u00e9gica para conectar marcas \u00e0 hist\u00f3ria e aos afetos das fam\u00edlias petropolitanas\u201d, explica Mohammad.<\/p>\n\n\n\n<p>A CDL tem promovido uma s\u00e9rie de a\u00e7\u00f5es junto aos lojistas para fortalecer a presen\u00e7a da data no calend\u00e1rio comercial. Entre as estrat\u00e9gias sugeridas est\u00e3o ofertas especiais, vitrines tem\u00e1ticas, kits sentimentais, atendimento personalizado e parcerias locais para aumentar o alcance das campanhas.<\/p>\n\n\n\n<p>Al\u00e9m disso, a entidade aposta na digitaliza\u00e7\u00e3o como aliada dos lojistas, considerando o crescente engajamento dos idosos com canais online. A expectativa de vida dos brasileiros segue em ascens\u00e3o \u2014 o IBGE projeta que em 2060 a m\u00e9dia alcan\u00e7ar\u00e1 os 81 anos \u2014 o que amplia o protagonismo da terceira idade no consumo e exige uma abordagem mais conectada e personalizada.<\/p>\n\n\n\n<p>\u201cQueremos que Petr\u00f3polis seja refer\u00eancia em valoriza\u00e7\u00e3o dos av\u00f3s, n\u00e3o apenas como homenagem, mas como oportunidade de desenvolvimento econ\u00f4mico. A uni\u00e3o entre tradi\u00e7\u00e3o e inova\u00e7\u00e3o pode ser o diferencial das marcas locais\u201d, completa Cl\u00e1udio Mohammad.<\/p>\n","protected":false},"excerpt":{"rendered":"<p>6 milh\u00f5es de pessoas no Estado pretendem gastar R$ 113,90 com presentes A C\u00e2mara de<\/p>\n","protected":false},"author":1,"featured_media":46931,"comment_status":"closed","ping_status":"open","sticky":false,"template":"","format":"standard","meta":{"spay_email":"","footnotes":"","jetpack_publicize_message":""},"categories":[2],"tags":[],"jetpack_featured_media_url":"https:\/\/i0.wp.com\/jornaldeitaipava.com.br\/wp-content\/uploads\/2025\/07\/Dia-dos-Avos-comercio.jpeg?fit=1280%2C960&ssl=1","jetpack_publicize_connections":[],"jetpack_sharing_enabled":true,"jetpack_likes_enabled":true,"jetpack-related-posts":[],"_links":{"self":[{"href":"https:\/\/jornaldeitaipava.com.br\/index.php\/wp-json\/wp\/v2\/posts\/46930"}],"collection":[{"href":"https:\/\/jornaldeitaipava.com.br\/index.php\/wp-json\/wp\/v2\/posts"}],"about":[{"href":"https:\/\/jornaldeitaipava.com.br\/index.php\/wp-json\/wp\/v2\/types\/post"}],"author":[{"embeddable":true,"href":"https:\/\/jornaldeitaipava.com.br\/index.php\/wp-json\/wp\/v2\/users\/1"}],"replies":[{"embeddable":true,"href":"https:\/\/jornaldeitaipava.com.br\/index.php\/wp-json\/wp\/v2\/comments?post=46930"}],"version-history":[{"count":1,"href":"https:\/\/jornaldeitaipava.com.br\/index.php\/wp-json\/wp\/v2\/posts\/46930\/revisions"}],"predecessor-version":[{"id":46932,"href":"https:\/\/jornaldeitaipava.com.br\/index.php\/wp-json\/wp\/v2\/posts\/46930\/revisions\/46932"}],"wp:featuredmedia":[{"embeddable":true,"href":"https:\/\/jornaldeitaipava.com.br\/index.php\/wp-json\/wp\/v2\/media\/46931"}],"wp:attachment":[{"href":"https:\/\/jornaldeitaipava.com.br\/index.php\/wp-json\/wp\/v2\/media?parent=46930"}],"wp:term":[{"taxonomy":"category","embeddable":true,"href":"https:\/\/jornaldeitaipava.com.br\/index.php\/wp-json\/wp\/v2\/categories?post=46930"},{"taxonomy":"post_tag","embeddable":true,"href":"https:\/\/jornaldeitaipava.com.br\/index.php\/wp-json\/wp\/v2\/tags?post=46930"}],"curies":[{"name":"wp","href":"https:\/\/api.w.org\/{rel}","templated":true}]}}