{"id":46933,"date":"2025-07-25T13:14:30","date_gmt":"2025-07-25T16:14:30","guid":{"rendered":"http:\/\/jornaldeitaipava.com.br\/?p=46933"},"modified":"2025-07-25T13:14:32","modified_gmt":"2025-07-25T16:14:32","slug":"tres-festivais-e-um-destino-o-prazer-de-estar-em-petropolis-neste-inverno","status":"publish","type":"post","link":"https:\/\/jornaldeitaipava.com.br\/index.php\/2025\/07\/25\/tres-festivais-e-um-destino-o-prazer-de-estar-em-petropolis-neste-inverno\/","title":{"rendered":"Tr\u00eas festivais e um destino: o prazer de estar em Petr\u00f3polis neste inverno"},"content":{"rendered":"\n<p class=\"has-text-align-center\"><strong>Entre fondues fumegantes, recitais e shows, a cidade promove uma temporada\u00a0 que aquece os sentidos com arte e sabor<\/strong><\/p>\n\n\n\n<p>Petr\u00f3polis vive sua esta\u00e7\u00e3o mais inspiradora, um ref\u00fagio encantado de inverno, onde tr\u00eas grandes eventos se complementam para oferecer uma experi\u00eancia completa aos visitantes: o XVI Festival de Fondue, Caldos e Cremes, promovido pelo Petr\u00f3polis Convention &amp; Visitors Bureau (PC&amp;VB); o Festival de Inverno da DellArte, com sua programa\u00e7\u00e3o cl\u00e1ssica e intimista, e o Festival Sesc de Inverno, que espalha mais de 700 horas de cultura por toda a cidade.<\/p>\n\n\n\n<p>A combina\u00e7\u00e3o \u00e9 perfeita. Afinal, n\u00e3o h\u00e1 nada melhor do que assistir a um concerto ou show de alt\u00edssimo n\u00edvel e, em seguida, reunir os amigos \u00e0 mesa para saborear um fondue especial. Gastronomia e cultura se entrela\u00e7am em uma temporada que valoriza os sentidos e celebra o melhor da esta\u00e7\u00e3o.<\/p>\n\n\n\n<p>\u201c\u00c9 mais do que uma agenda de eventos: \u00e9 uma viv\u00eancia. O inverno em Petr\u00f3polis tem identidade pr\u00f3pria, que une tradi\u00e7\u00e3o, hospitalidade e experi\u00eancias inesquec\u00edveis. A jun\u00e7\u00e3o desses tr\u00eas festivais refor\u00e7a o potencial da cidade como um destino tur\u00edstico completo\u201d, afirma Marco M\u00fcller, diretor executivo do PC&amp;VB.<\/p>\n\n\n\n<p>Enquanto os 55 estabelecimentos participantes do Festival de Fondue (programa\u00e7\u00e3o em&nbsp;<a href=\"https:\/\/www.instagram.com\/petropolisfestivaldefondue\/\" rel=\"noreferrer noopener\" target=\"_blank\">@ petropolisfestivaldefondue<\/a>) criam menus criativos com caldos, cremes e fondues variados, os palcos e espa\u00e7os hist\u00f3ricos da cidade recebem grandes nomes da m\u00fasica e das artes. A cidade pulsa cultura e sabor em harmonia.<\/p>\n\n\n\n<p>At\u00e9 o dia 27 de julho, o Festival de Inverno da DellArte ocupa \u00edcones da arquitetura petropolitana, como a Catedral S\u00e3o Pedro de Alc\u00e2ntara, o Museu Imperial, a Casa de Santos Dumont e o Pal\u00e1cio de Cristal. Nesses cen\u00e1rios, o p\u00fablico poder\u00e1 apreciar concertos e recitais com artistas como Daniel Guedes, Marina Spoladore, Quarteto da Guanabara e a Orquestra Sinf\u00f4nica Mariuccia Iacovino, que encerra o festival com um tributo \u00e0 fundadora da Sociedade Art\u00edstica Villa-Lobos. A programa\u00e7\u00e3o completa pode ser conferida no site do evento em&nbsp;<a href=\"https:\/\/dellarte.com.br\/serie\/festival-de-inverno-de-petropolis\" rel=\"noreferrer noopener\" target=\"_blank\">https:\/\/dellarte.com.br\/serie\/festival-de-inverno-de-petropolis<\/a>.<\/p>\n\n\n\n<p>Paralelamente, e tamb\u00e9m at\u00e9 27 de julho, o Festival Sesc de Inverno \u2013 programa\u00e7\u00e3o em&nbsp;<a href=\"https:\/\/www.sescrio.org.br\/festivalsescdeinverno\/\" rel=\"noreferrer noopener\" target=\"_blank\">Festival Sesc de Inverno &#8211; Portal Sesc RJ<\/a>&nbsp;&#8211; toma conta da serra com uma maratona cultural. No Centro Hist\u00f3rico e em Itaipava, o evento re\u00fane grandes nomes da m\u00fasica brasileira como Marina Sena, Vanessa da Mata, Frejat, Fresno e Jota Quest. As apresenta\u00e7\u00f5es, marcadas para os dias 26 e 27 de julho no Parque de Itaipava, t\u00eam entrada gratuita mediante a doa\u00e7\u00e3o de 1 kg de alimento n\u00e3o perec\u00edvel \u2014 um gesto simples que refor\u00e7a o compromisso social do festival.<\/p>\n\n\n\n<p>\u201cNeste inverno, Petr\u00f3polis n\u00e3o apenas aquece \u2014 encanta. Entre fondues fumegantes, acordes afinados e encontros que celebram a cultura, a cidade mostra por que \u00e9 um dos destinos mais completos e apaixonantes do Brasil\u201d, pontua Marco M\u00fcller.<\/p>\n\n\n\n<p><strong>SERVI\u00c7O:<\/strong><\/p>\n\n\n\n<p>\u00a0<strong>XVI Festival de Fondue, Caldos e Cremes<\/strong><\/p>\n\n\n\n<p>Realiza\u00e7\u00e3o:&nbsp;<strong>Petr\u00f3polis Convention &amp; Visitors Bureau (PC&amp;VB)<\/strong><\/p>\n\n\n\n<p>Participantes:&nbsp;<strong>55 restaurantes e cafeterias<\/strong>&nbsp;com menus especiais<\/p>\n\n\n\n<p>Programa\u00e7\u00e3o: dispon\u00edvel no Instagram&nbsp;<a href=\"https:\/\/www.instagram.com\/petropolisfestivaldefondue\/\" rel=\"noreferrer noopener\" target=\"_blank\">@petropolisfestivaldefondue<\/a><\/p>\n\n\n\n<p><strong>Festival de Inverno DellArte<\/strong><\/p>\n\n\n\n<p>Palcos hist\u00f3ricos:&nbsp;<strong>Catedral S\u00e3o Pedro de Alc\u00e2ntara<\/strong>,&nbsp;<strong>Museu Imperial<\/strong>,&nbsp;<strong>Casa de Santos Dumont<\/strong>,&nbsp;<strong>Pal\u00e1cio de Cristal<\/strong><\/p>\n\n\n\n<p>Atra\u00e7\u00f5es:&nbsp;<strong>Daniel Guedes<\/strong>,&nbsp;<strong>Marina Spoladore<\/strong>,&nbsp;<strong>Quarteto da Guanabara<\/strong>,&nbsp;<strong>Orquestra Sinf\u00f4nica Mariuccia Iacovino<\/strong><\/p>\n\n\n\n<p>Programa\u00e7\u00e3o completa:&nbsp;<a href=\"https:\/\/dellarte.com.br\/serie\/festival-de-inverno-de-petropolis\/\" rel=\"noreferrer noopener\" target=\"_blank\">dellarte.com.br\/festival-de-inverno-de-petropolis<\/a><\/p>\n\n\n\n<p><strong>Festival Sesc de Inverno<\/strong><\/p>\n\n\n\n<p>Destaques musicais:&nbsp;<strong>Marina Sena<\/strong>,&nbsp;<strong>Vanessa da Mata<\/strong>,&nbsp;<strong>Frejat<\/strong>,&nbsp;<strong>Fresno<\/strong>,&nbsp;<strong>Jota Quest<\/strong>, entre outros<\/p>\n\n\n\n<p>Palcos principais:&nbsp;<strong>Parque de Exposi\u00e7\u00f5es de Itaipava<\/strong>&nbsp;e&nbsp;<strong>Centro Cultural Sesc Quitandinha<\/strong><\/p>\n\n\n\n<p>Entrada gratuita: mediante doa\u00e7\u00e3o de&nbsp;<strong>1 kg de alimento n\u00e3o perec\u00edvel<\/strong><\/p>\n\n\n\n<p>Programa\u00e7\u00e3o completa:&nbsp;<a href=\"https:\/\/www.sescrio.org.br\/festivalsescdeinverno\/\" rel=\"noreferrer noopener\" target=\"_blank\">sescrio.org.br\/festivalsescdeinverno\/programa\u00e7\u00e3o<\/a><\/p>\n","protected":false},"excerpt":{"rendered":"<p>Entre fondues fumegantes, recitais e shows, a cidade promove uma temporada\u00a0 que aquece os sentidos<\/p>\n","protected":false},"author":1,"featured_media":46934,"comment_status":"closed","ping_status":"open","sticky":false,"template":"","format":"standard","meta":{"spay_email":"","footnotes":"","jetpack_publicize_message":""},"categories":[24],"tags":[],"jetpack_featured_media_url":"https:\/\/i0.wp.com\/jornaldeitaipava.com.br\/wp-content\/uploads\/2025\/07\/Festival-Sesc-foto-divulgacao-2.jpg?fit=1024%2C682&ssl=1","jetpack_publicize_connections":[],"jetpack_sharing_enabled":true,"jetpack_likes_enabled":true,"jetpack-related-posts":[],"_links":{"self":[{"href":"https:\/\/jornaldeitaipava.com.br\/index.php\/wp-json\/wp\/v2\/posts\/46933"}],"collection":[{"href":"https:\/\/jornaldeitaipava.com.br\/index.php\/wp-json\/wp\/v2\/posts"}],"about":[{"href":"https:\/\/jornaldeitaipava.com.br\/index.php\/wp-json\/wp\/v2\/types\/post"}],"author":[{"embeddable":true,"href":"https:\/\/jornaldeitaipava.com.br\/index.php\/wp-json\/wp\/v2\/users\/1"}],"replies":[{"embeddable":true,"href":"https:\/\/jornaldeitaipava.com.br\/index.php\/wp-json\/wp\/v2\/comments?post=46933"}],"version-history":[{"count":1,"href":"https:\/\/jornaldeitaipava.com.br\/index.php\/wp-json\/wp\/v2\/posts\/46933\/revisions"}],"predecessor-version":[{"id":46935,"href":"https:\/\/jornaldeitaipava.com.br\/index.php\/wp-json\/wp\/v2\/posts\/46933\/revisions\/46935"}],"wp:featuredmedia":[{"embeddable":true,"href":"https:\/\/jornaldeitaipava.com.br\/index.php\/wp-json\/wp\/v2\/media\/46934"}],"wp:attachment":[{"href":"https:\/\/jornaldeitaipava.com.br\/index.php\/wp-json\/wp\/v2\/media?parent=46933"}],"wp:term":[{"taxonomy":"category","embeddable":true,"href":"https:\/\/jornaldeitaipava.com.br\/index.php\/wp-json\/wp\/v2\/categories?post=46933"},{"taxonomy":"post_tag","embeddable":true,"href":"https:\/\/jornaldeitaipava.com.br\/index.php\/wp-json\/wp\/v2\/tags?post=46933"}],"curies":[{"name":"wp","href":"https:\/\/api.w.org\/{rel}","templated":true}]}}