{"id":46939,"date":"2025-07-26T13:43:21","date_gmt":"2025-07-26T16:43:21","guid":{"rendered":"http:\/\/jornaldeitaipava.com.br\/?p=46939"},"modified":"2025-07-26T13:43:22","modified_gmt":"2025-07-26T16:43:22","slug":"comercio-de-petropolis-acompanha-desaceleracao-economica-nacional-e-acende-alerta-para-o-segundo-semestre","status":"publish","type":"post","link":"https:\/\/jornaldeitaipava.com.br\/index.php\/2025\/07\/26\/comercio-de-petropolis-acompanha-desaceleracao-economica-nacional-e-acende-alerta-para-o-segundo-semestre\/","title":{"rendered":"Com\u00e9rcio de Petr\u00f3polis acompanha desacelera\u00e7\u00e3o econ\u00f4mica nacional e acende alerta para o segundo semestre"},"content":{"rendered":"\n<p class=\"has-text-align-center\"><strong>CDL Petr\u00f3polis aponta desafios com inadimpl\u00eancia, juros altos e incertezas fiscais, mas v\u00ea oportunidade em estrat\u00e9gias de gest\u00e3o e proximidade com o consumidor<\/strong><\/p>\n\n\n\n<p>O primeiro semestre de 2025 se encerra com sinais claros de desacelera\u00e7\u00e3o econ\u00f4mica no pa\u00eds \u2014 e Petr\u00f3polis, embora com caracter\u00edsticas espec\u00edficas, n\u00e3o est\u00e1 imune a esse cen\u00e1rio. O alerta \u00e9 da C\u00e2mara de Dirigentes Lojistas de Petr\u00f3polis (CDL), que acompanha de perto os desdobramentos do setor e observa que, embora as vendas sigam em crescimento, h\u00e1 um ritmo visivelmente menor em rela\u00e7\u00e3o ao fim de 2024.<\/p>\n\n\n\n<p>De acordo com o presidente da CDL, Cl\u00e1udio Mohammad, a conjuntura nacional \u2014 marcada por infla\u00e7\u00e3o persistente, juros elevados, endividamento crescente e impasses fiscais \u2014 se reflete na cidade, exigindo cautela, criatividade e intelig\u00eancia comercial dos lojistas. \u201cTemos um consumidor pressionado, com renda em crescimento, mas tamb\u00e9m com alto comprometimento. \u00c9 um momento de rever estrat\u00e9gias, estreitar o relacionamento com o cliente e trabalhar com m\u00e1xima efici\u00eancia\u201d, afirma.<\/p>\n\n\n\n<p>O Panorama do Com\u00e9rcio de julho, que acaba de ser divulgado pela CNDL, mostra que a taxa Selic atingiu 15% ao ano, ap\u00f3s nova alta promovida pelo Copom, e que o n\u00famero de brasileiros com contas em atraso j\u00e1 ultrapassa os 71 milh\u00f5es. Em paralelo, o Banco Central aponta que 48,9% da renda familiar est\u00e1 comprometida com d\u00edvidas. Em Petr\u00f3polis, segundo a CDL, esse cen\u00e1rio tem impacto direto na concess\u00e3o de cr\u00e9dito no varejo e na capacidade de consumo das fam\u00edlias.<\/p>\n\n\n\n<p>\u201cA alta da inadimpl\u00eancia e os juros elevados inibem tanto o consumidor quanto o lojista. Precisamos de pol\u00edticas que n\u00e3o apenas estimulem o consumo, mas que tornem o ambiente econ\u00f4mico mais previs\u00edvel. A incerteza tribut\u00e1ria e as tens\u00f5es no com\u00e9rcio internacional, como as novas tarifas impostas pelos EUA, tamb\u00e9m influenciam os pre\u00e7os e os custos operacionais\u201d, destaca Mohammad.<\/p>\n\n\n\n<p>Apesar das adversidades, o mercado de trabalho mant\u00e9m relativa resili\u00eancia. Segundo o CAGED, mais de 1 milh\u00e3o de empregos formais foram criados no pa\u00eds entre janeiro e maio de 2025, sendo 56,7 mil no setor do com\u00e9rcio. Petr\u00f3polis registrou retra\u00e7\u00e3o de 72 vagas no acumulado do ano indo na contram\u00e3o do n\u00famero nacional. O segmento de servi\u00e7os lidera as admiss\u00f5es, com 563 mil novos postos. Em Petr\u00f3polis, a CDL observa que o setor de servi\u00e7os continua impulsionando contrata\u00e7\u00f5es, mas alerta que neste segmento, a expans\u00e3o \u00e9 t\u00edmida diante dos custos e da baixa margem de lucro e que a \u00e1rea \u00e9 formada na maioria por pequenos neg\u00f3cios com n\u00famero baixo de funcion\u00e1rios.<\/p>\n\n\n\n<p>\u201cTemos visto um esfor\u00e7o muito grande dos comerciantes petropolitanos para manter os empregos e adaptar seus neg\u00f3cios ao novo comportamento do consumidor. A cidade tem um setor forte, mas que ainda depende de sazonalidades. O segundo semestre exige equil\u00edbrio entre controle de gastos, refor\u00e7o em vendas e aten\u00e7\u00e3o \u00e0s datas-chave\u201d, refor\u00e7a o presidente da CDL.<\/p>\n\n\n\n<p>De acordo com dados do IBGE, as vendas do com\u00e9rcio varejista cresceram 3,0% no acumulado de 12 meses encerrados em maio, e o varejo ampliado, 2,4%. Os n\u00fameros indicam desacelera\u00e7\u00e3o em rela\u00e7\u00e3o ao in\u00edcio do ano, reflexo direto do cen\u00e1rio macroecon\u00f4mico. Segmentos como ve\u00edculos e materiais de constru\u00e7\u00e3o lideram o crescimento nacional, enquanto atacadistas de alimentos registraram queda.<\/p>\n\n\n\n<p>Para Cl\u00e1udio Mohammad, o desafio local \u00e9 manter o com\u00e9rcio aquecido diante de um consumidor mais seletivo e de uma economia menos previs\u00edvel. \u201cO lojista precisa acompanhar de perto os indicadores, mas tamb\u00e9m ouvir seu cliente. Quem conseguir ser relevante, gerar valor e oferecer uma boa experi\u00eancia de compra ter\u00e1 mais chances de atravessar esse momento com solidez. Petr\u00f3polis tem hist\u00f3rico de resili\u00eancia, e com intelig\u00eancia coletiva, o com\u00e9rcio saber\u00e1 responder mais uma vez\u201d, conclui.<\/p>\n","protected":false},"excerpt":{"rendered":"<p>CDL Petr\u00f3polis aponta desafios com inadimpl\u00eancia, juros altos e incertezas fiscais, mas v\u00ea oportunidade em<\/p>\n","protected":false},"author":1,"featured_media":46940,"comment_status":"closed","ping_status":"open","sticky":false,"template":"","format":"standard","meta":{"spay_email":"","footnotes":"","jetpack_publicize_message":""},"categories":[2],"tags":[],"jetpack_featured_media_url":"https:\/\/i2.wp.com\/jornaldeitaipava.com.br\/wp-content\/uploads\/2025\/07\/Comercio-Centro.jpg?fit=800%2C445&ssl=1","jetpack_publicize_connections":[],"jetpack_sharing_enabled":true,"jetpack_likes_enabled":true,"jetpack-related-posts":[],"_links":{"self":[{"href":"https:\/\/jornaldeitaipava.com.br\/index.php\/wp-json\/wp\/v2\/posts\/46939"}],"collection":[{"href":"https:\/\/jornaldeitaipava.com.br\/index.php\/wp-json\/wp\/v2\/posts"}],"about":[{"href":"https:\/\/jornaldeitaipava.com.br\/index.php\/wp-json\/wp\/v2\/types\/post"}],"author":[{"embeddable":true,"href":"https:\/\/jornaldeitaipava.com.br\/index.php\/wp-json\/wp\/v2\/users\/1"}],"replies":[{"embeddable":true,"href":"https:\/\/jornaldeitaipava.com.br\/index.php\/wp-json\/wp\/v2\/comments?post=46939"}],"version-history":[{"count":1,"href":"https:\/\/jornaldeitaipava.com.br\/index.php\/wp-json\/wp\/v2\/posts\/46939\/revisions"}],"predecessor-version":[{"id":46941,"href":"https:\/\/jornaldeitaipava.com.br\/index.php\/wp-json\/wp\/v2\/posts\/46939\/revisions\/46941"}],"wp:featuredmedia":[{"embeddable":true,"href":"https:\/\/jornaldeitaipava.com.br\/index.php\/wp-json\/wp\/v2\/media\/46940"}],"wp:attachment":[{"href":"https:\/\/jornaldeitaipava.com.br\/index.php\/wp-json\/wp\/v2\/media?parent=46939"}],"wp:term":[{"taxonomy":"category","embeddable":true,"href":"https:\/\/jornaldeitaipava.com.br\/index.php\/wp-json\/wp\/v2\/categories?post=46939"},{"taxonomy":"post_tag","embeddable":true,"href":"https:\/\/jornaldeitaipava.com.br\/index.php\/wp-json\/wp\/v2\/tags?post=46939"}],"curies":[{"name":"wp","href":"https:\/\/api.w.org\/{rel}","templated":true}]}}