{"id":46942,"date":"2025-07-26T13:48:21","date_gmt":"2025-07-26T16:48:21","guid":{"rendered":"http:\/\/jornaldeitaipava.com.br\/?p=46942"},"modified":"2025-07-26T14:25:16","modified_gmt":"2025-07-26T17:25:16","slug":"corridinha-do-nono-tem-600-inscritos-em-homenagem-aos-90-anos-do-atleta-petropolitano","status":"publish","type":"post","link":"https:\/\/jornaldeitaipava.com.br\/index.php\/2025\/07\/26\/corridinha-do-nono-tem-600-inscritos-em-homenagem-aos-90-anos-do-atleta-petropolitano\/","title":{"rendered":"Corridinha do Non\u00f4 tem 600 inscritos em homenagem aos 90 anos do atleta petropolitano"},"content":{"rendered":"\n<p class=\"has-text-align-center\"><strong>Evento acontece domingo (27\/07)), com largada \u00e0s 7h e percurso de 2,1 km pelas ruas do Centro Hist\u00f3rico<\/strong><\/p>\n\n\n\n<p>A Corridinha do Non\u00f4, um dos nomes mais reconhecidos do cen\u00e1rio esportivo da cidade, acontece no domingo (27\/07) e teve 600 inscritos. O evento em homenagem ao atleta petropolitano, que completa 90 anos, tem concentra\u00e7\u00e3o no Parque Natural Municipal Padre Quinha, na Avenida Ipiranga, no Centro Hist\u00f3rico.<\/p>\n\n\n\n<p>A largada est\u00e1 prevista para \u00e0s 7h, e o trajeto deste ano ter\u00e1 um percurso de 2,1 km. A Corridinha passa pela Avenida Koeler, segue pela Roberto Silveira, Rua Padre Siqueira e termina na Casa de Educa\u00e7\u00e3o Visconde de Mau\u00e1, na Bar\u00e3o do Rio Branco.<\/p>\n\n\n\n<p>A homenagem prop\u00f5e que os participantes utilizem roupas brancas no dia do evento, como forma simb\u00f3lica de reconhecimento \u00e0 hist\u00f3ria de Seu Non\u00f4 nas corridas de rua e sua liga\u00e7\u00e3o com a sa\u00fade e o bem-estar.<\/p>\n\n\n\n<p>\u201cEsta corrida representa o respeito da cidade por algu\u00e9m que, ao longo das d\u00e9cadas, manteve um compromisso com a pr\u00e1tica esportiva e com o est\u00edmulo \u00e0 atividade f\u00edsica entre gera\u00e7\u00f5es\u201d, afirmou o prefeito Hingo Hammes.<\/p>\n\n\n\n<p>Para o secret\u00e1rio de Esportes, Leandro Kronemberger, o evento n\u00e3o apenas celebra uma trajet\u00f3ria, mas tamb\u00e9m mobiliza a cidade em torno de uma refer\u00eancia.<\/p>\n\n\n\n<p>\u201cSeu Non\u00f4 representa const\u00e2ncia e disciplina. Sua presen\u00e7a inspira quem est\u00e1 come\u00e7ando e quem j\u00e1 faz parte do circuito de corridas local. Mesmo aqueles que n\u00e3o conseguiram se inscrever est\u00e3o convidados a participar da corrida, embora, neste caso, sem acesso \u00e0 medalha comemorativa que ser\u00e1 entregue aos inscritos\u201d, declarou.<\/p>\n\n\n\n<p>A Companhia Petropolitana de Tr\u00e2nsito e Transportes (CPTrans) atuar\u00e1 com agentes em pontos estrat\u00e9gicos para garantir a fluidez e a orienta\u00e7\u00e3o dos motoristas e durante o trajeto da Corridinha, haver\u00e1 interdi\u00e7\u00f5es pontuais no tr\u00e2nsito.<\/p>\n","protected":false},"excerpt":{"rendered":"<p>Evento acontece domingo (27\/07)), com largada \u00e0s 7h e percurso de 2,1 km pelas ruas<\/p>\n","protected":false},"author":1,"featured_media":30137,"comment_status":"closed","ping_status":"open","sticky":false,"template":"","format":"standard","meta":{"spay_email":"","footnotes":"","jetpack_publicize_message":""},"categories":[9],"tags":[],"jetpack_featured_media_url":"https:\/\/i0.wp.com\/jornaldeitaipava.com.br\/wp-content\/uploads\/2022\/07\/NONO.png?fit=434%2C274&ssl=1","jetpack_publicize_connections":[],"jetpack_sharing_enabled":true,"jetpack_likes_enabled":true,"jetpack-related-posts":[],"_links":{"self":[{"href":"https:\/\/jornaldeitaipava.com.br\/index.php\/wp-json\/wp\/v2\/posts\/46942"}],"collection":[{"href":"https:\/\/jornaldeitaipava.com.br\/index.php\/wp-json\/wp\/v2\/posts"}],"about":[{"href":"https:\/\/jornaldeitaipava.com.br\/index.php\/wp-json\/wp\/v2\/types\/post"}],"author":[{"embeddable":true,"href":"https:\/\/jornaldeitaipava.com.br\/index.php\/wp-json\/wp\/v2\/users\/1"}],"replies":[{"embeddable":true,"href":"https:\/\/jornaldeitaipava.com.br\/index.php\/wp-json\/wp\/v2\/comments?post=46942"}],"version-history":[{"count":1,"href":"https:\/\/jornaldeitaipava.com.br\/index.php\/wp-json\/wp\/v2\/posts\/46942\/revisions"}],"predecessor-version":[{"id":46943,"href":"https:\/\/jornaldeitaipava.com.br\/index.php\/wp-json\/wp\/v2\/posts\/46942\/revisions\/46943"}],"wp:featuredmedia":[{"embeddable":true,"href":"https:\/\/jornaldeitaipava.com.br\/index.php\/wp-json\/wp\/v2\/media\/30137"}],"wp:attachment":[{"href":"https:\/\/jornaldeitaipava.com.br\/index.php\/wp-json\/wp\/v2\/media?parent=46942"}],"wp:term":[{"taxonomy":"category","embeddable":true,"href":"https:\/\/jornaldeitaipava.com.br\/index.php\/wp-json\/wp\/v2\/categories?post=46942"},{"taxonomy":"post_tag","embeddable":true,"href":"https:\/\/jornaldeitaipava.com.br\/index.php\/wp-json\/wp\/v2\/tags?post=46942"}],"curies":[{"name":"wp","href":"https:\/\/api.w.org\/{rel}","templated":true}]}}