{"id":46944,"date":"2025-07-26T13:49:56","date_gmt":"2025-07-26T16:49:56","guid":{"rendered":"http:\/\/jornaldeitaipava.com.br\/?p=46944"},"modified":"2025-07-26T13:49:57","modified_gmt":"2025-07-26T16:49:57","slug":"estrada-do-brejal-comeca-a-receber-asfaltamento","status":"publish","type":"post","link":"https:\/\/jornaldeitaipava.com.br\/index.php\/2025\/07\/26\/estrada-do-brejal-comeca-a-receber-asfaltamento\/","title":{"rendered":"Estrada do Brejal come\u00e7a a receber asfaltamento"},"content":{"rendered":"\n<p>O sonho da transforma\u00e7\u00e3o da Estrada Arnaldo Dyckerhoff, uma das principais estradas vicinais do Brejal, distrito da Posse, come\u00e7ou a se tornar realidade. Nesta sexta-feira (25\/07), teve in\u00edcio o asfaltamento do local. Reivindica\u00e7\u00e3o antiga de produtores rurais e moradores da regi\u00e3o, a obra foi acompanhada de perto pelo prefeito Hingo Hammes e pelo senador Carlos Portinho (PL-RJ), autor da emenda parlamentar que garantiu recursos para o servi\u00e7o.<\/p>\n\n\n\n<p>&#8220;Hoje \u00e9 um dia de muita alegria, estamos aplicando o asfalto, que era uma promessa. Tive uma reuni\u00e3o aqui com a popula\u00e7\u00e3o e disse que at\u00e9 julho o asfalto estaria no ch\u00e3o. Hoje estamos come\u00e7ando o asfaltamento, vamos dar seguimento \u00e0 obra, vamos contemplar ainda outras \u00e1reas do Brejal tamb\u00e9m. A gente quer agradecer em nome de todo povo de Petr\u00f3polis, do povo Brejal, a todos os agricultores da \u00e1rea que foram pacientes. Era uma obra esperada h\u00e1 mais de 40 anos, como todo mundo est\u00e1 falando por aqui e voc\u00ea est\u00e1 tendo a oportunidade de mandar a emenda para c\u00e1 e essa obra ser realizada de fato&#8221;, ressaltou o prefeito.<\/p>\n\n\n\n<p>&#8220;Foram R$ 8 milh\u00f5es em emenda para quem produz, para melhorar a estrada, poder escoar a produ\u00e7\u00e3o, e para as pessoas que moram aqui, que precisam e sofrem em \u00e9poca de chuva. O Brejal \u00e9 muito importante para o nosso estado do Rio de Janeiro, \u00e9 a for\u00e7a do nosso interior. S\u00e3o cinco quil\u00f4metros de asfalto aqui no Brejal e mais um pouquinho que a gente vai colocar em \u00e1reas cr\u00edticas aqui da regi\u00e3o. \u00c9 para voc\u00ea produtor rural. \u00c9 mais um incentivo. No meu mandato, um dos primeiros atos eu tive foi aqui no Brejal e hoje estamos conseguindo entregar, poque aqui tem um prefeito que faz&#8221;, afirmou o senador Carlos Portinho.<\/p>\n\n\n\n<p>A obra come\u00e7ou no in\u00edcio deste ano e ao longo do primeiro semestre foram realizadas etapas anteriores \u00e0 aplica\u00e7\u00e3o do asfalto, como instala\u00e7\u00e3o de sistemas de drenagem, coloca\u00e7\u00e3o de meio-fio, sondagem das condi\u00e7\u00f5es da pista, nivelamento e refor\u00e7o da estrada, que tem cinco km de extens\u00e3o. Agora, ser\u00e1 feita a pavimenta\u00e7\u00e3o de todo trecho, uma not\u00edcia comemorada pelos produtores rurais da regi\u00e3o.<\/p>\n\n\n\n<p>De acordo com o presidente da Associa\u00e7\u00e3o dos Produtores Rurais do Brejal, Sidnei Silva de Lima, s\u00e3o cerca de 400 produtores na localidade, que fazem mais de 100 viagens semanais com caminh\u00f5es para escoar mercadorias como chuchu, couve-flor, br\u00f3colis americano, repolho e outras hortali\u00e7as.<\/p>\n\n\n\n<p>&#8220;\u00c9 muito importante para o produtor rural, h\u00e1 muito tempo n\u00f3s estamos esperando esse asfalto chegar para amenizar v\u00e1rios problemas. Agora o produtor rural vai evitar quebrar o caminh\u00e3o e precisar levar para consertar, vai perder menos pe\u00e7a, vai estourar menos pneu, e isso tudo \u00e9 dinheiro que vai ficar no bolso do trabalhador. E para o morador, para quem vive aqui h\u00e1 mais de 40 anos, \u00e9 muito bom. \u00c9 um sonho que est\u00e1 come\u00e7ando a se concretizar hoje&#8221;, disse Sidnei.<\/p>\n\n\n\n<p>Al\u00e9m dos agricultores, os asfalto tamb\u00e9m vai beneficiar os mais de oito mil moradores da regi\u00e3o.<\/p>\n\n\n\n<p>&#8220;A gente se mobilizou, se uniu para conseguir esse asfalto para c\u00e1, porque a nossa \u00e1rea de produ\u00e7\u00e3o rural aqui \u00e9 muito grande, \u00e9 a maior de produ\u00e7\u00e3o org\u00e2nica do estado do Rio de Janeiro, e a gente precisa desse asfalto aqui para escoar mercadoria para o Ceasa, para os comerciantes. Vai ajudar muito a gente. Quando chove, o carro agarra, tem que ser rebocado. Ent\u00e3o esse asfalto vai beneficiar um n\u00famero grande de pessoas, com certeza&#8221;, afirmou o presidente da Associa\u00e7\u00e3o de Moradores do Brejal, Fl\u00e1vio Gon\u00e7alves.<\/p>\n","protected":false},"excerpt":{"rendered":"<p>O sonho da transforma\u00e7\u00e3o da Estrada Arnaldo Dyckerhoff, uma das principais estradas vicinais do Brejal,<\/p>\n","protected":false},"author":1,"featured_media":46945,"comment_status":"closed","ping_status":"open","sticky":false,"template":"","format":"standard","meta":{"spay_email":"","footnotes":"","jetpack_publicize_message":""},"categories":[2],"tags":[],"jetpack_featured_media_url":"https:\/\/i0.wp.com\/jornaldeitaipava.com.br\/wp-content\/uploads\/2025\/07\/WhatsApp-Image-2025-07-25-at-20.38.08-scaled.jpeg?fit=2560%2C1707&ssl=1","jetpack_publicize_connections":[],"jetpack_sharing_enabled":true,"jetpack_likes_enabled":true,"jetpack-related-posts":[],"_links":{"self":[{"href":"https:\/\/jornaldeitaipava.com.br\/index.php\/wp-json\/wp\/v2\/posts\/46944"}],"collection":[{"href":"https:\/\/jornaldeitaipava.com.br\/index.php\/wp-json\/wp\/v2\/posts"}],"about":[{"href":"https:\/\/jornaldeitaipava.com.br\/index.php\/wp-json\/wp\/v2\/types\/post"}],"author":[{"embeddable":true,"href":"https:\/\/jornaldeitaipava.com.br\/index.php\/wp-json\/wp\/v2\/users\/1"}],"replies":[{"embeddable":true,"href":"https:\/\/jornaldeitaipava.com.br\/index.php\/wp-json\/wp\/v2\/comments?post=46944"}],"version-history":[{"count":1,"href":"https:\/\/jornaldeitaipava.com.br\/index.php\/wp-json\/wp\/v2\/posts\/46944\/revisions"}],"predecessor-version":[{"id":46946,"href":"https:\/\/jornaldeitaipava.com.br\/index.php\/wp-json\/wp\/v2\/posts\/46944\/revisions\/46946"}],"wp:featuredmedia":[{"embeddable":true,"href":"https:\/\/jornaldeitaipava.com.br\/index.php\/wp-json\/wp\/v2\/media\/46945"}],"wp:attachment":[{"href":"https:\/\/jornaldeitaipava.com.br\/index.php\/wp-json\/wp\/v2\/media?parent=46944"}],"wp:term":[{"taxonomy":"category","embeddable":true,"href":"https:\/\/jornaldeitaipava.com.br\/index.php\/wp-json\/wp\/v2\/categories?post=46944"},{"taxonomy":"post_tag","embeddable":true,"href":"https:\/\/jornaldeitaipava.com.br\/index.php\/wp-json\/wp\/v2\/tags?post=46944"}],"curies":[{"name":"wp","href":"https:\/\/api.w.org\/{rel}","templated":true}]}}