{"id":46949,"date":"2025-07-26T13:54:33","date_gmt":"2025-07-26T16:54:33","guid":{"rendered":"http:\/\/jornaldeitaipava.com.br\/?p=46949"},"modified":"2025-07-26T13:54:35","modified_gmt":"2025-07-26T16:54:35","slug":"turp-transporte-inicia-testes-com-onibus-eletrico-em-petropolis","status":"publish","type":"post","link":"https:\/\/jornaldeitaipava.com.br\/index.php\/2025\/07\/26\/turp-transporte-inicia-testes-com-onibus-eletrico-em-petropolis\/","title":{"rendered":"Turp Transporte inicia testes com \u00f4nibus el\u00e9trico em Petr\u00f3polis"},"content":{"rendered":"\n<p class=\"has-text-align-center\"><strong>Coletivo est\u00e1 operando na linha 700 \u2013 Terminal Itaipava<\/strong><\/p>\n\n\n\n<p>A Turp Transporte deu in\u00edcio, nesta sexta-feira (25), aos testes de opera\u00e7\u00e3o do transporte p\u00fablico com \u00f4nibus el\u00e9trico de \u00faltima gera\u00e7\u00e3o. Econ\u00f4mico e ecologicamente mais sustent\u00e1vel, o ve\u00edculo est\u00e1 atendendo aos passageiros da linha 700 \u2013 Terminal Itaipava, desde \u00e0s 9h. Equipado com roleta, validador e sistema de monitoramento via GPS, seguir\u00e1 em processo de avalia\u00e7\u00e3o por 10 dias, em Petr\u00f3polis.<\/p>\n\n\n\n<p>O modelo Azure A12BR tem capacidade m\u00e1xima para transportar at\u00e9 80 passageiros. Equipado com sistema de ar-condicionado ecol\u00f3gico com dutos individuais, possui as mais recentes tecnologias embarcadas do mercado, como carregadores USB, Wi-Fi e pain\u00e9is informativos. O ve\u00edculo tamb\u00e9m conta com acessibilidade universal, atrav\u00e9s do piso baixo, sistema de \u201cajoelhamento\u201d da suspens\u00e3o, corredores amplos e rampa de acesso na porta.<\/p>\n\n\n\n<p>Para os passageiros, a novidade foi aprovada, logo nas primeiras horas da manh\u00e3. \u201cQue surpresa boa\u201d, disse Irene Gomes, moradora de Corr\u00eaas, acompanhada da irm\u00e3. \u201cSoube que ele \u00e9 bem silencioso e confort\u00e1vel. De cara, j\u00e1 gostei da porta, bem mais larga. Ansiosa para embarcar\u201d, completou a passageira Rosemere Gomes.<\/p>\n\n\n\n<p>O \u00f4nibus el\u00e9trico, da empresa TEVX Higer, registra uma autonomia m\u00e9dia de 270 quil\u00f4metros, n\u00famero que pode ser ampliado de acordo com a utiliza\u00e7\u00e3o adequada. O novo modelo possui maior seguran\u00e7a, redu\u00e7\u00e3o de peso, maior durabilidade dos componentes e menor desgaste do pavimento, se comparado ao ve\u00edculo tradicional.<\/p>\n\n\n\n<p>\u201cConhecida por adotar diversas pr\u00e1ticas ambientais, a Turp Transporte vem buscando, h\u00e1 meses, a possibilidade de testes com ve\u00edculos movidos por energia limpa, que possam reduzir a emiss\u00e3o de poluentes e a polui\u00e7\u00e3o sonora. Logo ap\u00f3s, consolidaremos todos os dados estat\u00edsticos, que servir\u00e3o como base para futuras discuss\u00f5es sobre mobilidade e a poss\u00edvel implementa\u00e7\u00e3o deste tipo de ve\u00edculo na frota\u201d, disse Jean Moraes, diretor da Turp Transporte.<\/p>\n\n\n\n<p>Os motoristas foram devidamente treinados por um instrutor qualificado, que tamb\u00e9m est\u00e1 acompanhando as viagens, garantindo que a opera\u00e7\u00e3o do modelo el\u00e9trico siga padr\u00f5es de seguran\u00e7a, desempenho e excel\u00eancia. J\u00e1 a carga de energia ser\u00e1 realizada \u00e0 noite e durante a madrugada, na garagem da Turp Transporte, em Itaipava.<\/p>\n\n\n\n<p>Para Carlos Eduardo Souza, CEO da TEVX Higer, a parceria para os testes \u00e9 essencial, disponibilizando o que h\u00e1 de mais moderno em tecnologia, em benef\u00edcio \u00e0 mobilidade urbana mais sustent\u00e1vel e eficiente. \u201cConvidamos a popula\u00e7\u00e3o a vivenciar essa experi\u00eancia de qualidade, inova\u00e7\u00e3o, sustentabilidade e conectividade\u201d, concluiu.<\/p>\n","protected":false},"excerpt":{"rendered":"<p>Coletivo est\u00e1 operando na linha 700 \u2013 Terminal Itaipava A Turp Transporte deu in\u00edcio, nesta<\/p>\n","protected":false},"author":1,"featured_media":46950,"comment_status":"closed","ping_status":"open","sticky":false,"template":"","format":"standard","meta":{"spay_email":"","footnotes":"","jetpack_publicize_message":""},"categories":[2],"tags":[],"jetpack_featured_media_url":"https:\/\/i1.wp.com\/jornaldeitaipava.com.br\/wp-content\/uploads\/2025\/07\/WhatsApp-Image-2025-07-25-at-17.30.32.jpeg?fit=1600%2C1200&ssl=1","jetpack_publicize_connections":[],"jetpack_sharing_enabled":true,"jetpack_likes_enabled":true,"jetpack-related-posts":[],"_links":{"self":[{"href":"https:\/\/jornaldeitaipava.com.br\/index.php\/wp-json\/wp\/v2\/posts\/46949"}],"collection":[{"href":"https:\/\/jornaldeitaipava.com.br\/index.php\/wp-json\/wp\/v2\/posts"}],"about":[{"href":"https:\/\/jornaldeitaipava.com.br\/index.php\/wp-json\/wp\/v2\/types\/post"}],"author":[{"embeddable":true,"href":"https:\/\/jornaldeitaipava.com.br\/index.php\/wp-json\/wp\/v2\/users\/1"}],"replies":[{"embeddable":true,"href":"https:\/\/jornaldeitaipava.com.br\/index.php\/wp-json\/wp\/v2\/comments?post=46949"}],"version-history":[{"count":1,"href":"https:\/\/jornaldeitaipava.com.br\/index.php\/wp-json\/wp\/v2\/posts\/46949\/revisions"}],"predecessor-version":[{"id":46951,"href":"https:\/\/jornaldeitaipava.com.br\/index.php\/wp-json\/wp\/v2\/posts\/46949\/revisions\/46951"}],"wp:featuredmedia":[{"embeddable":true,"href":"https:\/\/jornaldeitaipava.com.br\/index.php\/wp-json\/wp\/v2\/media\/46950"}],"wp:attachment":[{"href":"https:\/\/jornaldeitaipava.com.br\/index.php\/wp-json\/wp\/v2\/media?parent=46949"}],"wp:term":[{"taxonomy":"category","embeddable":true,"href":"https:\/\/jornaldeitaipava.com.br\/index.php\/wp-json\/wp\/v2\/categories?post=46949"},{"taxonomy":"post_tag","embeddable":true,"href":"https:\/\/jornaldeitaipava.com.br\/index.php\/wp-json\/wp\/v2\/tags?post=46949"}],"curies":[{"name":"wp","href":"https:\/\/api.w.org\/{rel}","templated":true}]}}