{"id":46953,"date":"2025-07-26T14:23:53","date_gmt":"2025-07-26T17:23:53","guid":{"rendered":"http:\/\/jornaldeitaipava.com.br\/?p=46953"},"modified":"2025-07-26T14:23:54","modified_gmt":"2025-07-26T17:23:54","slug":"comac-amplia-vagas-e-prorroga-inscricoes-do-projeto-juventude-ate-quarta-feira-30-de-julho","status":"publish","type":"post","link":"https:\/\/jornaldeitaipava.com.br\/index.php\/2025\/07\/26\/comac-amplia-vagas-e-prorroga-inscricoes-do-projeto-juventude-ate-quarta-feira-30-de-julho\/","title":{"rendered":"COMAC amplia vagas e prorroga inscri\u00e7\u00f5es do Projeto Juventude at\u00e9 quarta-feira, 30 de julho"},"content":{"rendered":"\n<p class=\"has-text-align-center\">Alta procura leva \u00e0 forma\u00e7\u00e3o de nova turma voltada \u00e0 qualifica\u00e7\u00e3o profissional e ao fortalecimento dos v\u00ednculos sociais de jovens entre 17 e 21 anos<\/p>\n\n\n\n<p>Diante da grande procura, a COMAC decidiu ampliar as vagas do Projeto Juventude e prorrogar o prazo de inscri\u00e7\u00f5es at\u00e9 a pr\u00f3xima quarta-feira, 30 de julho. A iniciativa \u00e9 voltada a jovens de 17 a 21 anos e tem como objetivo promover qualifica\u00e7\u00e3o profissional, fortalecimento dos v\u00ednculos familiares e comunit\u00e1rios e a inser\u00e7\u00e3o no mercado de trabalho por meio do programa Jovem Aprendiz.<\/p>\n\n\n\n<p>Podem se inscrever estudantes matriculados no Ensino Fundamental (a partir do 8\u00ba ano, inclusive na modalidade EJA) e no Ensino M\u00e9dio, desde que frequentem o turno noturno. Tamb\u00e9m podem participar jovens que j\u00e1 tenham conclu\u00eddo o Ensino M\u00e9dio \u2014 nesses casos, no entanto, n\u00e3o h\u00e1 concess\u00e3o de transporte para o deslocamento \u00e0s aulas.<\/p>\n\n\n\n<p>Para efetivar a inscri\u00e7\u00e3o, \u00e9 necess\u00e1rio apresentar os seguintes documentos:<br>\u2013 Foto 3&#215;4 recente com fundo branco;<br>\u2013 Certid\u00e3o de nascimento;<br>\u2013 Documento de identidade e CPF;<br>\u2013 Carteira de Trabalho e Previd\u00eancia Social (CTPS);<br>\u2013 T\u00edtulo de eleitor;<br>\u2013 Comprovante de resid\u00eancia atualizado;<br>\u2013 Boletim escolar, declara\u00e7\u00e3o de escolaridade ou comprovante de conclus\u00e3o do Ensino M\u00e9dio;<br>\u2013 Certificado de reservista (para maiores de 18 anos);<br>\u2013 Cart\u00e3o Setranscard;<br>\u2013 N\u00famero do Cad\u00danico (se possuir);<br>\u2013 Cart\u00e3o SUS;<br>\u2013 Documento de identidade e CPF do respons\u00e1vel legal (quando for o caso).<\/p>\n\n\n\n<p>A COMAC refor\u00e7a que a amplia\u00e7\u00e3o das vagas se deve ao elevado interesse manifestado pelos jovens da cidade e reafirma o compromisso da institui\u00e7\u00e3o com a forma\u00e7\u00e3o cidad\u00e3 e a promo\u00e7\u00e3o de oportunidades que transformam vidas.<\/p>\n\n\n\n<p>Mais informa\u00e7\u00f5es sobre os projetos e a atua\u00e7\u00e3o da Comac podem ser obtidas pelo telefone (24) 4104-1062, WhatsApp (24) 98107-6315, no site www.comac.org.br ou pelas redes sociais: @comacpetropolis no Instagram e @comacdepetropolis no Facebook.<\/p>\n\n\n\n<p>SERVI\u00c7O<br>COMAC de Petr\u00f3polis<br>Rua Doutor S\u00e1 Earp, 88 \u2013 parte A<br>25.625-073 Morin &#8211; Petr\u00f3polis\/RJ<br>Google Maps: https:\/\/goo.gl\/maps\/ZG3ea56WSR8jTXhLA<\/p>\n","protected":false},"excerpt":{"rendered":"<p>Alta procura leva \u00e0 forma\u00e7\u00e3o de nova turma voltada \u00e0 qualifica\u00e7\u00e3o profissional e ao fortalecimento<\/p>\n","protected":false},"author":1,"featured_media":43894,"comment_status":"closed","ping_status":"open","sticky":false,"template":"","format":"standard","meta":{"spay_email":"","footnotes":"","jetpack_publicize_message":""},"categories":[2],"tags":[],"jetpack_featured_media_url":"https:\/\/i0.wp.com\/jornaldeitaipava.com.br\/wp-content\/uploads\/2025\/01\/FOTO-Comac-de-Petropolis-2.jpeg?fit=680%2C510&ssl=1","jetpack_publicize_connections":[],"jetpack_sharing_enabled":true,"jetpack_likes_enabled":true,"jetpack-related-posts":[],"_links":{"self":[{"href":"https:\/\/jornaldeitaipava.com.br\/index.php\/wp-json\/wp\/v2\/posts\/46953"}],"collection":[{"href":"https:\/\/jornaldeitaipava.com.br\/index.php\/wp-json\/wp\/v2\/posts"}],"about":[{"href":"https:\/\/jornaldeitaipava.com.br\/index.php\/wp-json\/wp\/v2\/types\/post"}],"author":[{"embeddable":true,"href":"https:\/\/jornaldeitaipava.com.br\/index.php\/wp-json\/wp\/v2\/users\/1"}],"replies":[{"embeddable":true,"href":"https:\/\/jornaldeitaipava.com.br\/index.php\/wp-json\/wp\/v2\/comments?post=46953"}],"version-history":[{"count":1,"href":"https:\/\/jornaldeitaipava.com.br\/index.php\/wp-json\/wp\/v2\/posts\/46953\/revisions"}],"predecessor-version":[{"id":46954,"href":"https:\/\/jornaldeitaipava.com.br\/index.php\/wp-json\/wp\/v2\/posts\/46953\/revisions\/46954"}],"wp:featuredmedia":[{"embeddable":true,"href":"https:\/\/jornaldeitaipava.com.br\/index.php\/wp-json\/wp\/v2\/media\/43894"}],"wp:attachment":[{"href":"https:\/\/jornaldeitaipava.com.br\/index.php\/wp-json\/wp\/v2\/media?parent=46953"}],"wp:term":[{"taxonomy":"category","embeddable":true,"href":"https:\/\/jornaldeitaipava.com.br\/index.php\/wp-json\/wp\/v2\/categories?post=46953"},{"taxonomy":"post_tag","embeddable":true,"href":"https:\/\/jornaldeitaipava.com.br\/index.php\/wp-json\/wp\/v2\/tags?post=46953"}],"curies":[{"name":"wp","href":"https:\/\/api.w.org\/{rel}","templated":true}]}}